{"id":78984,"date":"2021-10-26T13:29:11","date_gmt":"2021-10-26T16:29:11","guid":{"rendered":"https:\/\/www.actualidadadiario.com\/?p=78984"},"modified":"2021-10-26T13:29:11","modified_gmt":"2021-10-26T16:29:11","slug":"el-frente-de-todos-se-unira-manana-para-homenajear-a-nestor-kirchner","status":"publish","type":"post","link":"https:\/\/www.actualidadadiario.com\/index.php\/2021\/10\/26\/el-frente-de-todos-se-unira-manana-para-homenajear-a-nestor-kirchner\/","title":{"rendered":"El Frente de Todos se unir\u00e1 ma\u00f1ana para homenajear a N\u00e9stor Kirchner"},"content":{"rendered":"<p style=\"text-align: center;\"><em><strong>Realizar\u00e1 un acto con amplia convocatoria a bases y dirigentes en el Club Deportivo Mor\u00f3n, al cumplirse 11 a\u00f1os del fallecimiento del ex presidente. Alberto Fern\u00e1ndez ser\u00e1 el \u00fanico orador y todav\u00eda no est\u00e1 confirmada la presencia de Cristina Kirchner. Similitudes y diferencias con el recuerdo de hace un a\u00f1o<\/strong><\/em><\/p>\n<p>&nbsp;<\/p>\n<p>&nbsp;<\/p>\n<p>&nbsp;<\/p>\n<p>Ya pas\u00f3 un a\u00f1o m\u00e1s. Este mi\u00e9rcoles, el Frente de Todos homenajear\u00e1 al ex presidente N\u00e9stor Kirchner con un acto en el Club Deportivo Mor\u00f3n al cumplirse el aniversario n\u00famero 11 de su muerte.<\/p>\n<p>El acto fue organizado durante la \u00faltima semana de manera conjunta por La C\u00e1mpora y el Movimiento Evita, pero el marco las exceder\u00e1 ampliamente y ser\u00e1 acorde al tramo final de la campa\u00f1a, a menos de 20 d\u00edas para las elecciones del 14 de noviembre.<\/p>\n<p>Seg\u00fan se pudo saber de parte de fuentes del oficialismo, participar\u00e1n del evento todos los espacios que integran la coalici\u00f3n peronista, por lo que se espera la presencia de candidatos de todo el pa\u00eds, gobernadores, intendentes y diputados y senadores de CABA y provincia de Buenos Aires.<\/p>\n<p>Tambi\u00e9n ir\u00e1n hasta Mor\u00f3n dirigentes, representantes y militantes de las organizaciones sociales y pol\u00edticas, sindicatos y organismos de Derechos Humanos.<\/p>\n<p>Hay, sin embargo, una gran inc\u00f3gnita: todav\u00eda no se sabe si ir\u00e1 la vicepresidenta Cristina Kirchner, aunque se descuenta la presencia en el lugar de su hijo M\u00e1ximo.<\/p>\n<p>La \u00fanica certeza es que Alberto Fern\u00e1ndez ser\u00e1 el \u00fanico orador. El Presidente retomar\u00e1 as\u00ed, al menos por un momento, una centralidad que no tuvo desde cediera protagonismo a otros dirigentes y voceros producto de la derrota en las PASO.<\/p>\n<p>El evento comenzar\u00e1 a las 17 en el predio ubicado en la intersecci\u00f3n de la Av. Hip\u00f3lito Yrigoyen y Bernardo de Irigoyen, seg\u00fan el anuncio oficial que el Frente de Todos ya hizo en sus redes bajo el hashtag #TodosConN\u00e9stor junto a los emojis del ping\u00fcino y el sol.<\/p>\n<p>Ser\u00e1, en verdad, el segundo de los eventos homenaje al ex presidente que se har\u00e1n en la semana, luego de que el s\u00e1bado pasada M\u00e1ximo Kirchner anticipara el recuerdo con un acto de cara a la militancia en el microestadio de Lan\u00fas.<\/p>\n<p>&nbsp;<\/p>\n<p><strong>2020 y 2021: similitudes y diferencias<\/strong><\/p>\n<p>De cualquier manera, el marco del acto tendr\u00e1 algunas diferencias sustanciales respecto al de 2020. El de este mi\u00e9rcoles, a juzgar por la convocatoria, probablemente sea el evento m\u00e1s masivo organizado oficialmente por el Frente de Todos desde el inicio de la pandemia. La imagen, casi con certeza, se parecer\u00e1 m\u00e1s a la de cualquier acto peronista hecho cuando el covid-19 a\u00fan no exist\u00eda.<\/p>\n<p>Hace un a\u00f1o el panorama era diferente: el pa\u00eds reci\u00e9n hab\u00eda pasado el pico de la primera ola y la disposici\u00f3n de los invitados no hizo m\u00e1s que reflejar la cautela sanitaria que se viv\u00eda en ese momento. Hubo una lista de menos de 40 personas autorizadas a entrar al CCK, entre miembros del Gabinete, dirigentes pol\u00edticos y sindicales y un pu\u00f1ado de artistas, con igual cantidad de sillas distribuidas espaciadamente en el hall central.<\/p>\n<p>Adem\u00e1s, mientras que en 2020 el Gobierno procur\u00f3 mostrar que se estaba en proceso de &#8220;poner a la Argentina de pie&#8221; a pesar el embate del coronavirus, este a\u00f1o el foco estar\u00e1 puesto b\u00e1sicamente en N\u00e9stor Kirchner, y no se har\u00e1 alusi\u00f3n a los dos a\u00f1os del triunfo electoral del Frente de Todos, detallaron a este diario las fuentes oficialistas. La campa\u00f1a, como es regla desde el 12 de septiembre, seguir\u00e1 haci\u00e9ndose fundamentalmente a trav\u00e9s de los anuncios.<\/p>\n<p>Otras cosas no cambiaron tanto, sobre todo el clima pol\u00edtico. El acto de hace un a\u00f1o se dio un d\u00eda despu\u00e9s de la primera de las cartas explosivas de Cristina, aquella de los &#8220;funcionarios que no funcionan&#8221;, que la vicepresidenta redact\u00f3 en recuerdo de los diez a\u00f1os de la muerte de su marido y del primer aniversario del triunfo electoral.<\/p>\n<p>En aquel momento la tensi\u00f3n en el oficialismo apenas se disimul\u00f3. Alberto Fern\u00e1ndez recorri\u00f3 caminando las tres cuadras que hay desde la Casa Rosada al CCK acompa\u00f1ado de algunos de los dirigentes se\u00f1alados por la expresidenta, como Sergio Massa y Vilma Ibarra. Cristina, por su parte, nunca apareci\u00f3 en el lugar.<\/p>\n<p>El mi\u00e9rcoles, el Frente de Todos llegar\u00e1 con la interna m\u00e1s viva que nunca, especialmente tras los forzados cambios de Gabinete y las grietas evidenciadas en la organizaci\u00f3n del D\u00eda de la Lealtad. Pero parad\u00f3jicamente, o precisamente por eso, la imagen que mostrar\u00e1 ser\u00e1 la de unidad de todo el espacio detr\u00e1s del Presidente. Aunque habr\u00e1 banderas, seguramente los trapitos queden a la sombra.<\/p>\n","protected":false},"excerpt":{"rendered":"<p>Realizar\u00e1 un acto con amplia convocatoria a bases y dirigentes en el Club Deportivo Mor\u00f3n, al cumplirse 11 a\u00f1os del fallecimiento del ex presidente. Alberto Fern\u00e1ndez ser\u00e1 el \u00fanico orador y todav\u00eda no est\u00e1 confirmada la presencia de Cristina Kirchner. Similitudes y diferencias con el recuerdo de hace un a\u00f1o &nbsp; &nbsp; &nbsp; Ya pas\u00f3 un a\u00f1o m\u00e1s. Este mi\u00e9rcoles, el Frente de Todos homenajear\u00e1 al ex presidente N\u00e9stor Kirchner con un acto en el Club Deportivo Mor\u00f3n al cumplirse el aniversario n\u00famero 11 de su muerte. El acto fue&#8230;<\/p>\n","protected":false},"author":3,"featured_media":78985,"comment_status":"closed","ping_status":"closed","sticky":false,"template":"","format":"standard","meta":[],"categories":[18],"tags":[],"_links":{"self":[{"href":"https:\/\/www.actualidadadiario.com\/index.php\/wp-json\/wp\/v2\/posts\/78984"}],"collection":[{"href":"https:\/\/www.actualidadadiario.com\/index.php\/wp-json\/wp\/v2\/posts"}],"about":[{"href":"https:\/\/www.actualidadadiario.com\/index.php\/wp-json\/wp\/v2\/types\/post"}],"author":[{"embeddable":true,"href":"https:\/\/www.actualidadadiario.com\/index.php\/wp-json\/wp\/v2\/users\/3"}],"replies":[{"embeddable":true,"href":"https:\/\/www.actualidadadiario.com\/index.php\/wp-json\/wp\/v2\/comments?post=78984"}],"version-history":[{"count":2,"href":"https:\/\/www.actualidadadiario.com\/index.php\/wp-json\/wp\/v2\/posts\/78984\/revisions"}],"predecessor-version":[{"id":78987,"href":"https:\/\/www.actualidadadiario.com\/index.php\/wp-json\/wp\/v2\/posts\/78984\/revisions\/78987"}],"wp:featuredmedia":[{"embeddable":true,"href":"https:\/\/www.actualidadadiario.com\/index.php\/wp-json\/wp\/v2\/media\/78985"}],"wp:attachment":[{"href":"https:\/\/www.actualidadadiario.com\/index.php\/wp-json\/wp\/v2\/media?parent=78984"}],"wp:term":[{"taxonomy":"category","embeddable":true,"href":"https:\/\/www.actualidadadiario.com\/index.php\/wp-json\/wp\/v2\/categories?post=78984"},{"taxonomy":"post_tag","embeddable":true,"href":"https:\/\/www.actualidadadiario.com\/index.php\/wp-json\/wp\/v2\/tags?post=78984"}],"curies":[{"name":"wp","href":"https:\/\/api.w.org\/{rel}","templated":true}]}}