{"id":78978,"date":"2021-10-26T13:27:46","date_gmt":"2021-10-26T16:27:46","guid":{"rendered":"https:\/\/www.actualidadadiario.com\/?p=78978"},"modified":"2021-10-26T13:27:46","modified_gmt":"2021-10-26T16:27:46","slug":"etiquetado-frontal-de-alimentos-tras-el-bloqueo-opositor-diputados-busca-convertir-en-ley-el-proyecto","status":"publish","type":"post","link":"https:\/\/www.actualidadadiario.com\/index.php\/2021\/10\/26\/etiquetado-frontal-de-alimentos-tras-el-bloqueo-opositor-diputados-busca-convertir-en-ley-el-proyecto\/","title":{"rendered":"Etiquetado Frontal de alimentos: tras el bloqueo opositor, Diputados busca convertir en ley el proyecto"},"content":{"rendered":"<p style=\"text-align: center;\"><em><strong>Superada la pol\u00e9mica sesi\u00f3n en que Juntos por el Cambio no dio qu\u00f3rum, la C\u00e1mara baja apunta a aprobar, en sesi\u00f3n especial con presencialidad plena, el proyecto que advierte sobre excesos de grasas, sodio y az\u00facares en alimentos para ayudar a combatir enfermedades. Qu\u00e9 otros temas se tratan y c\u00f3mo fue la negociaci\u00f3n<\/strong><\/em><\/p>\n<p>&nbsp;<\/p>\n<p>&nbsp;<\/p>\n<p>Finalmente, estar\u00eda todo dado para que en la jornada de hoy en la C\u00e1mara de Diputados un proyecto de ley que cuenta con amplio respaldo social y pol\u00edtico y que tiene como \u00fanico objetivo mejorar las condiciones en que la ciudadan\u00eda accede al conocimiento de lo que come y sus posibles consecuencias se convierta en ley.<\/p>\n<p>Es que, tras el bloqueo v\u00eda negaci\u00f3n del qu\u00f3rum que hab\u00eda impulsado Juntos por el Cambio hace unas semanas, la C\u00e1mara baja busca hoy convertir en ley, en una sesi\u00f3n especial, el proyecto de etiquetado frontal de alimentos que advierte sobre los excesos de grasas, sodio y az\u00facares en los alimentos, con el fin de ayudar a combatir la obesidad, la hipertensi\u00f3n y los riesgos card\u00edacos, como explic\u00f3 minuciosamente en su momento Pol\u00edtica Argentina en un extenso informe.<\/p>\n<p>El debate del proyecto que fija pautas para una alimentaci\u00f3n saludable es el principal tema de la sesi\u00f3n especial convocada para el mediod\u00eda y fue consensuada entre todos los bloques, luego de haber fracasado el pasado 5 de octubre la reuni\u00f3n plenaria del cuerpo debido a que Juntos por el Cambio decidi\u00f3 no dar qu\u00f3rum.<\/p>\n<p>El tratamiento del proyecto se concreta, este mediod\u00eda en una sesi\u00f3n planificada para comenzar a partir de las 12, en la primera presencial plena del cuerpo que se realiza desde que, en marzo del 2020, se dict\u00f3 la emergencia sanitaria a ra\u00edz de la pandemia del coronavirus y se establecieron restricciones que obligaron a sesionar a trav\u00e9s de un sistema mixto, con la mayor\u00eda de los legisladores conectada en forma virtual.<\/p>\n<p>Se establecieron medidas sanitarias estrictas, como hisopados y la limitaci\u00f3n en la cantidad de asesores de los legisladores presentes en el recinto. Esas disposiciones obligaron a las autoridades de la C\u00e1mara baja a formalizar la convocatoria a la sesi\u00f3n con algo m\u00e1s de una semana de anticipaci\u00f3n para cumplir con el protocolo establecido para evitar eventuales contagios.<\/p>\n<p>El proyecto de etiquetado frontal apunta a advertir a la sociedad sobre los productos que tienen un alto contenido de grasas, sodios y az\u00facares y, de esa forma, ayudar a combatir la obesidad, la hipertensi\u00f3n y los riesgos card\u00edacos.<\/p>\n<p>El dictamen de mayor\u00eda prev\u00e9 la incorporaci\u00f3n en el frente de los envases de los productos ultraprocesados una etiqueta con forma de oct\u00f3gono negro y letras blancas que advierta el exceso de nutrientes cr\u00edticos para la salud, como az\u00facares, sodio, grasas saturadas, grasas totales y calor\u00edas.<\/p>\n<p>Adem\u00e1s, determina que los productos que contengan entre sus ingredientes edulcorantes o cafe\u00edna tendr\u00e1n que informar que su consumo no se recomienda en ni\u00f1as y ni\u00f1os. Tambi\u00e9n establece la prohibici\u00f3n de emitir publicidad comercial -dirigida a ni\u00f1os, ni\u00f1as y adolescentes- de productos con sellos de advertencia.<\/p>\n<p>Se determina, en tanto, que los productos que tengan m\u00e1s de un sello de advertencia no podr\u00e1n incluir dibujos animados, personajes, figuras p\u00fablicas, regalos ni elementos que llamen la atenci\u00f3n de ni\u00f1os, ni\u00f1as y adolescentes. Adem\u00e1s, establece que, ante iguales condiciones, el Estado deber\u00e1 priorizar la compra de alimentos sin estos sellos de advertencia.<\/p>\n<p>El proyecto es rechazado por algunas empresas de la alimentaci\u00f3n y genera resistencias entre legisladores de las provincias del norte, que sostienen que el etiquetado frontal perjudicar\u00e1 a la producci\u00f3n azucarera. En cambio, la iniciativa es respaldada por organizaciones de la sociedad civil que vienen reclamando la sanci\u00f3n de una ley que promueva una alimentaci\u00f3n saludable.<\/p>\n<p>&nbsp;<\/p>\n<p><strong>Por qu\u00e9 ahora Juntos por el cambio s\u00ed acepta debatir<\/strong><\/p>\n<p>Seg\u00fan trascendi\u00f3, ahora la oposici\u00f3n de JXC acept\u00f3 debatir y votar (supuestamente la mayor\u00eda de sus integrantes est\u00e1n a favor) debido a que negoci\u00f3 la inclusi\u00f3n de un tema en el temario de proyectos a votarse en la jornada, cosa que desde el Frente de Todos desmienten.<\/p>\n<p>Desde las 12 del mediod\u00eda el recinto de Diputados habr\u00e1 una sesi\u00f3n larga, con 22 temas a tratar, todos destinados a aprobarse con un amplio acuerdo. Entre ellos, se destaca la ley de Etiquetado Frontal, Oncopediatr\u00eda, Ovina y registro a las personas en situaci\u00f3n de calle.<\/p>\n<p>Es decir, todos los mismos temas que JXC no quiso siquiera escuchar, salvo uno: lo \u00fanico que cambi\u00f3 para llegar a esta sesi\u00f3n, tras la fallida sesi\u00f3n del pasado cinco de octubre donde el oficialismo no alcanz\u00f3 el qu\u00f3rum, fue la incorporaci\u00f3n de la Ley Ovina.<\/p>\n<p>Las versiones indican que la coalici\u00f3n opositora quiso debatirlo aquel d\u00eda, pero el Frente de Todos se neg\u00f3. En Juntos por el Cambio argumentan que el FDT la demoraba para &#8220;bajar la candidatura a senador por Chubut de Federico Massoni, el pol\u00e9mico ministro de Seguridad de la provincia patag\u00f3nica&#8221;, seg\u00fan fuentes parlamentarias quee publica Perfil.<\/p>\n<p>El oficialismo lo niega con un argumento atendible: \u201cNo se incorpor\u00f3 la sesi\u00f3n pasada porque la idea era hacer dos sesiones y no una\u201d. Y agregan que \u201cera todo chamuyo lo que dec\u00edan\u201d en JXC ya que el FDT sac\u00f3 &#8220;la convocatoria con los mismos temas, m\u00e1s otros que tambi\u00e9n son nuestros&#8221;.<\/p>\n<p>&#8220;No incorporamos proyectos de ellos, son unos charlatanes\u201d, dicen en referencia a la Ley Ovina. \u201cEs una iniciativa del Ejecutivo que nosotros ya aprobamos en el Senado y muchos de ellos no acompa\u00f1aron\u201d, concluyen.<\/p>\n","protected":false},"excerpt":{"rendered":"<p>Superada la pol\u00e9mica sesi\u00f3n en que Juntos por el Cambio no dio qu\u00f3rum, la C\u00e1mara baja apunta a aprobar, en sesi\u00f3n especial con presencialidad plena, el proyecto que advierte sobre excesos de grasas, sodio y az\u00facares en alimentos para ayudar a combatir enfermedades. Qu\u00e9 otros temas se tratan y c\u00f3mo fue la negociaci\u00f3n &nbsp; &nbsp; Finalmente, estar\u00eda todo dado para que en la jornada de hoy en la C\u00e1mara de Diputados un proyecto de ley que cuenta con amplio respaldo social y pol\u00edtico y que tiene como \u00fanico objetivo mejorar&#8230;<\/p>\n","protected":false},"author":3,"featured_media":78979,"comment_status":"closed","ping_status":"closed","sticky":false,"template":"","format":"standard","meta":[],"categories":[18],"tags":[],"_links":{"self":[{"href":"https:\/\/www.actualidadadiario.com\/index.php\/wp-json\/wp\/v2\/posts\/78978"}],"collection":[{"href":"https:\/\/www.actualidadadiario.com\/index.php\/wp-json\/wp\/v2\/posts"}],"about":[{"href":"https:\/\/www.actualidadadiario.com\/index.php\/wp-json\/wp\/v2\/types\/post"}],"author":[{"embeddable":true,"href":"https:\/\/www.actualidadadiario.com\/index.php\/wp-json\/wp\/v2\/users\/3"}],"replies":[{"embeddable":true,"href":"https:\/\/www.actualidadadiario.com\/index.php\/wp-json\/wp\/v2\/comments?post=78978"}],"version-history":[{"count":1,"href":"https:\/\/www.actualidadadiario.com\/index.php\/wp-json\/wp\/v2\/posts\/78978\/revisions"}],"predecessor-version":[{"id":78980,"href":"https:\/\/www.actualidadadiario.com\/index.php\/wp-json\/wp\/v2\/posts\/78978\/revisions\/78980"}],"wp:featuredmedia":[{"embeddable":true,"href":"https:\/\/www.actualidadadiario.com\/index.php\/wp-json\/wp\/v2\/media\/78979"}],"wp:attachment":[{"href":"https:\/\/www.actualidadadiario.com\/index.php\/wp-json\/wp\/v2\/media?parent=78978"}],"wp:term":[{"taxonomy":"category","embeddable":true,"href":"https:\/\/www.actualidadadiario.com\/index.php\/wp-json\/wp\/v2\/categories?post=78978"},{"taxonomy":"post_tag","embeddable":true,"href":"https:\/\/www.actualidadadiario.com\/index.php\/wp-json\/wp\/v2\/tags?post=78978"}],"curies":[{"name":"wp","href":"https:\/\/api.w.org\/{rel}","templated":true}]}}