{"id":78972,"date":"2021-10-26T13:26:15","date_gmt":"2021-10-26T16:26:15","guid":{"rendered":"https:\/\/www.actualidadadiario.com\/?p=78972"},"modified":"2021-10-26T13:26:15","modified_gmt":"2021-10-26T16:26:15","slug":"martin-guzman-lo-peor-de-todo-es-un-mal-acuerdo-con-el-fondo-monetario","status":"publish","type":"post","link":"https:\/\/www.actualidadadiario.com\/index.php\/2021\/10\/26\/martin-guzman-lo-peor-de-todo-es-un-mal-acuerdo-con-el-fondo-monetario\/","title":{"rendered":"Mart\u00edn Guzm\u00e1n: \u201cLo peor de todo es un mal acuerdo con el Fondo Monetario\u201d"},"content":{"rendered":"<p style=\"text-align: center;\"><em><strong>El ministro de Econom\u00eda resalt\u00f3 que en las negociaciones con el FMI lo m\u00e1s importante es no repetir los lineamientos del pr\u00e9stamo que cerr\u00f3 el gobierno de Mauricio Macri. Adem\u00e1s, neg\u00f3 cualquier chance de un \u201csalto devaluatorio\u201d<\/strong><\/em><\/p>\n<p>&nbsp;<\/p>\n<p>&nbsp;<\/p>\n<p>Mart\u00edn Guzm\u00e1n asegur\u00f3 que la econom\u00eda pas\u00f3 los \u201cmomentos m\u00e1s dif\u00edciles de la historia\u201d por la \u201cdoble crisis\u201d. En este sentido, remarc\u00f3 que \u201ces posible que el crecimiento sea superior al pronosticado. Estamos en niveles previos a la pandemia. Hay sectores recuperando fuerte y el salario se est\u00e1 recomponiendo\u201d.<\/p>\n<p>Sobre el d\u00f3lar y los aumentos de las \u00faltimas semanas, el ministro apunt\u00f3 que \u201chay super\u00e1vit comercial, el BCRA est\u00e1 recuperando reservas y que el propio mercado anticipa en el d\u00f3lar futuro en $108\u201d. Y agreg\u00f3: \u201cNi el mercado anticipa una devaluaci\u00f3n. En las elecciones hay algunos interesados en generar ruido y hacer da\u00f1o\u201d.<\/p>\n<p>\u201cNo va a haber salto devaluatorio\u201d, afirm\u00f3 el titular de la cartera de Econom\u00eda en C5N.<\/p>\n<p>Guzm\u00e1n anticip\u00f3 que \u201cel pr\u00e9stamo con el FMI es el principal problema que nos deja la gesti\u00f3n anterior\u201d y en este marco \u201clo peor de todo es un mal acuerdo\u201d en referencia a las negociaciones en curso. \u201cEl nuevo acuerdo no puede tener los mismos preceptos que el acuerdo anterior\u201d, dijo.<\/p>\n<p>El funcionario se\u00f1al\u00f3 que \u201cla piedra angular\u201d del Frente de Todos es que el acuerdo con el FMI le sirva al pa\u00eds y afirm\u00f3 que \u201ccuanto antes mejor\u201d pero siempre que sea el que quiere Argentina.<\/p>\n","protected":false},"excerpt":{"rendered":"<p>El ministro de Econom\u00eda resalt\u00f3 que en las negociaciones con el FMI lo m\u00e1s importante es no repetir los lineamientos del pr\u00e9stamo que cerr\u00f3 el gobierno de Mauricio Macri. Adem\u00e1s, neg\u00f3 cualquier chance de un \u201csalto devaluatorio\u201d &nbsp; &nbsp; Mart\u00edn Guzm\u00e1n asegur\u00f3 que la econom\u00eda pas\u00f3 los \u201cmomentos m\u00e1s dif\u00edciles de la historia\u201d por la \u201cdoble crisis\u201d. En este sentido, remarc\u00f3 que \u201ces posible que el crecimiento sea superior al pronosticado. Estamos en niveles previos a la pandemia. Hay sectores recuperando fuerte y el salario se est\u00e1 recomponiendo\u201d. Sobre el&#8230;<\/p>\n","protected":false},"author":3,"featured_media":78973,"comment_status":"closed","ping_status":"closed","sticky":false,"template":"","format":"standard","meta":[],"categories":[18],"tags":[],"_links":{"self":[{"href":"https:\/\/www.actualidadadiario.com\/index.php\/wp-json\/wp\/v2\/posts\/78972"}],"collection":[{"href":"https:\/\/www.actualidadadiario.com\/index.php\/wp-json\/wp\/v2\/posts"}],"about":[{"href":"https:\/\/www.actualidadadiario.com\/index.php\/wp-json\/wp\/v2\/types\/post"}],"author":[{"embeddable":true,"href":"https:\/\/www.actualidadadiario.com\/index.php\/wp-json\/wp\/v2\/users\/3"}],"replies":[{"embeddable":true,"href":"https:\/\/www.actualidadadiario.com\/index.php\/wp-json\/wp\/v2\/comments?post=78972"}],"version-history":[{"count":1,"href":"https:\/\/www.actualidadadiario.com\/index.php\/wp-json\/wp\/v2\/posts\/78972\/revisions"}],"predecessor-version":[{"id":78974,"href":"https:\/\/www.actualidadadiario.com\/index.php\/wp-json\/wp\/v2\/posts\/78972\/revisions\/78974"}],"wp:featuredmedia":[{"embeddable":true,"href":"https:\/\/www.actualidadadiario.com\/index.php\/wp-json\/wp\/v2\/media\/78973"}],"wp:attachment":[{"href":"https:\/\/www.actualidadadiario.com\/index.php\/wp-json\/wp\/v2\/media?parent=78972"}],"wp:term":[{"taxonomy":"category","embeddable":true,"href":"https:\/\/www.actualidadadiario.com\/index.php\/wp-json\/wp\/v2\/categories?post=78972"},{"taxonomy":"post_tag","embeddable":true,"href":"https:\/\/www.actualidadadiario.com\/index.php\/wp-json\/wp\/v2\/tags?post=78972"}],"curies":[{"name":"wp","href":"https:\/\/api.w.org\/{rel}","templated":true}]}}