{"id":78966,"date":"2021-10-26T13:24:21","date_gmt":"2021-10-26T16:24:21","guid":{"rendered":"https:\/\/www.actualidadadiario.com\/?p=78966"},"modified":"2021-10-26T13:24:21","modified_gmt":"2021-10-26T16:24:21","slug":"alberto-fernandez-se-reunira-con-kristalina-georgieva-en-el-marco-de-la-cumbre-del-g20","status":"publish","type":"post","link":"https:\/\/www.actualidadadiario.com\/index.php\/2021\/10\/26\/alberto-fernandez-se-reunira-con-kristalina-georgieva-en-el-marco-de-la-cumbre-del-g20\/","title":{"rendered":"Alberto Fern\u00e1ndez se reunir\u00e1 con Kristalina Georgieva en el marco de la cumbre del G20"},"content":{"rendered":"<p style=\"text-align: center;\"><em><strong>El mandatario tendr\u00e1 un encuentro con la titular del Fondo Monetario Internacional, en las instancias definitorias de las negociaciones por la deuda. Tambi\u00e9n habr\u00e1 reuniones con la canciller de Alemania, \u00c1ngela Merkel y la presidente de la Comisi\u00f3n Europea, \u00darsula Gertrud von der Leyen<\/strong><\/em><\/p>\n<p>&nbsp;<\/p>\n<p>&nbsp;<\/p>\n<p>El presidente Alberto Fern\u00e1ndez se reunir\u00e1 con la titular del Fondo Monetario Internacional (FMI), Kristalina Georgieva, durante la Cumbre de L\u00edderes del G20.<\/p>\n<p>El mandatario tiene previsto partir el pr\u00f3ximo jueves para participar en la reuni\u00f3n del G20 que se llevar\u00e1 adelante los d\u00edas 30 y 31 de octubre en la ciudad de Roma, Italia. Tambi\u00e9n mantendr\u00e1 reuniones con la canciller de Alemania, \u00c1ngela Merkel y la presidente de la Comisi\u00f3n Europea, \u00darsula Gertrud von der Leyen.<\/p>\n<p>Fern\u00e1ndez se reunir\u00e1 con la titular organismo internacional en el marco de la negociaci\u00f3n de la deuda y uno de los puntos centrales ser\u00e1n las sobretasas de inter\u00e9s sobre los pa\u00edses que recibieron cr\u00e9ditos del organismo por niveles muy superiores a su cuota.<\/p>\n<p>Argentina tiene vencimientos por u$s17.800 millones de capital para el 2022 y u$s18.800 millones para el 2023, seg\u00fan datos aportados por el propio ministro de Econom\u00eda, Mart\u00edn Guzm\u00e1n.<\/p>\n<p>La Cumbre de Roma ser\u00e1 la 16\u00aa reuni\u00f3n del G20 a nivel de Jefes de Estado y de Gobierno y, a diferencia de la realizada el a\u00f1o pasado en Arabia Saudita, que fue virtual, \u00e9sta ser\u00e1 nuevamente presencial, con lo cual hay mucha expectativa ya que en ese marco se pueden entablar reuniones bilaterales.<\/p>\n<p>Integrar\u00e1n la comitiva el canciller Santiago Cafiero; el ministro Guzm\u00e1n y el embajador argentino en Washington y sherpa argentino del G-20, Jorge Arg\u00fcello. Fern\u00e1ndez tambi\u00e9n participar\u00e1 Conferencia de Naciones Unidas sobre Cambio Clim\u00e1tico (COP26) en la ciudad de Glasgow, en el Reino Unido.<\/p>\n","protected":false},"excerpt":{"rendered":"<p>El mandatario tendr\u00e1 un encuentro con la titular del Fondo Monetario Internacional, en las instancias definitorias de las negociaciones por la deuda. Tambi\u00e9n habr\u00e1 reuniones con la canciller de Alemania, \u00c1ngela Merkel y la presidente de la Comisi\u00f3n Europea, \u00darsula Gertrud von der Leyen &nbsp; &nbsp; El presidente Alberto Fern\u00e1ndez se reunir\u00e1 con la titular del Fondo Monetario Internacional (FMI), Kristalina Georgieva, durante la Cumbre de L\u00edderes del G20. El mandatario tiene previsto partir el pr\u00f3ximo jueves para participar en la reuni\u00f3n del G20 que se llevar\u00e1 adelante los d\u00edas&#8230;<\/p>\n","protected":false},"author":3,"featured_media":78967,"comment_status":"closed","ping_status":"closed","sticky":false,"template":"","format":"standard","meta":[],"categories":[9],"tags":[],"_links":{"self":[{"href":"https:\/\/www.actualidadadiario.com\/index.php\/wp-json\/wp\/v2\/posts\/78966"}],"collection":[{"href":"https:\/\/www.actualidadadiario.com\/index.php\/wp-json\/wp\/v2\/posts"}],"about":[{"href":"https:\/\/www.actualidadadiario.com\/index.php\/wp-json\/wp\/v2\/types\/post"}],"author":[{"embeddable":true,"href":"https:\/\/www.actualidadadiario.com\/index.php\/wp-json\/wp\/v2\/users\/3"}],"replies":[{"embeddable":true,"href":"https:\/\/www.actualidadadiario.com\/index.php\/wp-json\/wp\/v2\/comments?post=78966"}],"version-history":[{"count":1,"href":"https:\/\/www.actualidadadiario.com\/index.php\/wp-json\/wp\/v2\/posts\/78966\/revisions"}],"predecessor-version":[{"id":78968,"href":"https:\/\/www.actualidadadiario.com\/index.php\/wp-json\/wp\/v2\/posts\/78966\/revisions\/78968"}],"wp:featuredmedia":[{"embeddable":true,"href":"https:\/\/www.actualidadadiario.com\/index.php\/wp-json\/wp\/v2\/media\/78967"}],"wp:attachment":[{"href":"https:\/\/www.actualidadadiario.com\/index.php\/wp-json\/wp\/v2\/media?parent=78966"}],"wp:term":[{"taxonomy":"category","embeddable":true,"href":"https:\/\/www.actualidadadiario.com\/index.php\/wp-json\/wp\/v2\/categories?post=78966"},{"taxonomy":"post_tag","embeddable":true,"href":"https:\/\/www.actualidadadiario.com\/index.php\/wp-json\/wp\/v2\/tags?post=78966"}],"curies":[{"name":"wp","href":"https:\/\/api.w.org\/{rel}","templated":true}]}}