{"id":784,"date":"2016-09-07T09:48:33","date_gmt":"2016-09-07T12:48:33","guid":{"rendered":"http:\/\/actualidadadiario.com\/site\/?p=784"},"modified":"2016-09-07T09:48:33","modified_gmt":"2016-09-07T12:48:33","slug":"martina-forns-sobre-el-fallo-de-la-corte-aca-hay-una-persecucion-con-todas-las-letras","status":"publish","type":"post","link":"https:\/\/www.actualidadadiario.com\/index.php\/2016\/09\/07\/martina-forns-sobre-el-fallo-de-la-corte-aca-hay-una-persecucion-con-todas-las-letras\/","title":{"rendered":"Martina Forns, sobre el fallo de la Corte: &#8220;Ac\u00e1 hay una persecuci\u00f3n con todas las letras&#8221;"},"content":{"rendered":"<p><em><strong>La jueza que hab\u00eda dictado una cautelar contra el tarifazo de luz rompi\u00f3 el silencio tras la resoluci\u00f3n de la Corte Suprema<\/strong><\/em><\/p>\n<p>&nbsp;<\/p>\n<p>&nbsp;<\/p>\n<p>&nbsp;<\/p>\n<p>&#8220;No puedo entender, tiene bastantes contradicciones&#8221;, declar\u00f3 la Jueza Federal\u00a0Martina Forns, en relaci\u00f3n al<strong>\u00a0<\/strong>fallo de la Corte Suprema\u00a0del d\u00eda martes, en el que\u00a0desestimaba la cautelar<strong>\u00a0<\/strong>presentada en la provincia\u00a0de Buenos Aires contra el tarifazo\u00a0de luz por<strong>\u00a0<\/strong>&#8220;no representar&#8221; al conjunto de los afectados, y acot\u00f3:<strong>\u00a0<\/strong>&#8220;Por algo la doctora Highton no firma la resoluci\u00f3n, respeta los precedentes&#8221;.<\/p>\n<p>&nbsp;<\/p>\n<p>Forns critic\u00f3 a los sectores que la acusaron de\u00a0querer &#8220;voltear&#8221; a Mauricio Macri\u00a0por s\u00f3lo dar su opini\u00f3n y resalt\u00f3 que es\u00a0v\u00edctima de una &#8220;caza de brujas&#8221;\u00a0de ciertos sectores:\u00a0&#8220;Ac\u00e1 hay una persecuci\u00f3n con todas las letras&#8221;. Adem\u00e1s, record\u00f3 la aparici\u00f3n de una granada en las cercan\u00edas de su casa y critic\u00f3 que\u00a0&#8220;en vez de ser v\u00edctima&#8221; pas\u00f3 a ser &#8220;victimaria&#8221;.<\/p>\n","protected":false},"excerpt":{"rendered":"<p>La jueza que hab\u00eda dictado una cautelar contra el tarifazo de luz rompi\u00f3 el silencio tras la resoluci\u00f3n de la Corte Suprema &nbsp; &nbsp; &nbsp; &#8220;No puedo entender, tiene bastantes contradicciones&#8221;, declar\u00f3 la Jueza Federal\u00a0Martina Forns, en relaci\u00f3n al\u00a0fallo de la Corte Suprema\u00a0del d\u00eda martes, en el que\u00a0desestimaba la cautelar\u00a0presentada en la provincia\u00a0de Buenos Aires contra el tarifazo\u00a0de luz por\u00a0&#8220;no representar&#8221; al conjunto de los afectados, y acot\u00f3:\u00a0&#8220;Por algo la doctora Highton no firma la resoluci\u00f3n, respeta los precedentes&#8221;. &nbsp; Forns critic\u00f3 a los sectores que la acusaron de\u00a0querer &#8220;voltear&#8221;&#8230;<\/p>\n","protected":false},"author":3,"featured_media":785,"comment_status":"closed","ping_status":"closed","sticky":false,"template":"","format":"standard","meta":[],"categories":[18],"tags":[],"_links":{"self":[{"href":"https:\/\/www.actualidadadiario.com\/index.php\/wp-json\/wp\/v2\/posts\/784"}],"collection":[{"href":"https:\/\/www.actualidadadiario.com\/index.php\/wp-json\/wp\/v2\/posts"}],"about":[{"href":"https:\/\/www.actualidadadiario.com\/index.php\/wp-json\/wp\/v2\/types\/post"}],"author":[{"embeddable":true,"href":"https:\/\/www.actualidadadiario.com\/index.php\/wp-json\/wp\/v2\/users\/3"}],"replies":[{"embeddable":true,"href":"https:\/\/www.actualidadadiario.com\/index.php\/wp-json\/wp\/v2\/comments?post=784"}],"version-history":[{"count":1,"href":"https:\/\/www.actualidadadiario.com\/index.php\/wp-json\/wp\/v2\/posts\/784\/revisions"}],"predecessor-version":[{"id":786,"href":"https:\/\/www.actualidadadiario.com\/index.php\/wp-json\/wp\/v2\/posts\/784\/revisions\/786"}],"wp:featuredmedia":[{"embeddable":true,"href":"https:\/\/www.actualidadadiario.com\/index.php\/wp-json\/wp\/v2\/media\/785"}],"wp:attachment":[{"href":"https:\/\/www.actualidadadiario.com\/index.php\/wp-json\/wp\/v2\/media?parent=784"}],"wp:term":[{"taxonomy":"category","embeddable":true,"href":"https:\/\/www.actualidadadiario.com\/index.php\/wp-json\/wp\/v2\/categories?post=784"},{"taxonomy":"post_tag","embeddable":true,"href":"https:\/\/www.actualidadadiario.com\/index.php\/wp-json\/wp\/v2\/tags?post=784"}],"curies":[{"name":"wp","href":"https:\/\/api.w.org\/{rel}","templated":true}]}}