{"id":781,"date":"2016-09-07T09:39:42","date_gmt":"2016-09-07T12:39:42","guid":{"rendered":"http:\/\/actualidadadiario.com\/site\/?p=781"},"modified":"2016-09-07T09:39:42","modified_gmt":"2016-09-07T12:39:42","slug":"se-realizo-en-la-paz-el-septimo-encuentro-del-foro-sobre-la-reforma-electoral","status":"publish","type":"post","link":"https:\/\/www.actualidadadiario.com\/index.php\/2016\/09\/07\/se-realizo-en-la-paz-el-septimo-encuentro-del-foro-sobre-la-reforma-electoral\/","title":{"rendered":"Se realiz\u00f3 en La Paz el s\u00e9ptimo encuentro del foro sobre la reforma electoral"},"content":{"rendered":"<p><em><strong>El s\u00e9ptimo encuentro del foro para la reforma electoral que recorre la provincia fomentando el debate tuvo sede este martes en la ciudad de La Paz<\/strong><\/em><\/p>\n<p>&nbsp;<\/p>\n<p>&nbsp;<\/p>\n<p>All\u00ed disertaron el catedr\u00e1tico santafesino Roberto Vicente; el secretario Electoral de Entre R\u00edos, Gustavo Zonis; y el secretario General del Tribunal Electoral, Agust\u00edn Gonz\u00e1lez.<\/p>\n<p>&#8220;La idea de este foro es alcanzar la multiplicidad de voces y posibilitar que puedan hacer aportes todos los interesados en ser parte del proyecto de reforma del sistema electoral. Darle voz a todos los entrerrianos es el objetivo que nos traz\u00f3 el gobernador Gustavo Bordet y que llevamos adelante a partir de mayo desde el Ministerio de Gobierno, junto a la Universidad Nacional de Entre R\u00edos&#8221;, se\u00f1al\u00f3 Mauro Urribarri, ministro de Gobierno, quien confirm\u00f3 que el cierre de las actividades tendr\u00e1 lugar a fin de este mes en Paran\u00e1.<\/p>\n<p>En el encuentro en La Paz, del mismo modo que sucede en otros lugares de la provincia, participaron de las actividades representantes de partidos pol\u00edticos, de gobiernos locales, de los poderes legislativo y judicial, de las universidades, los colegios profesionales, ONGs, gremios, sectores empresariales y cultos religiosos, entre otros referentes de la comunidad.<\/p>\n<p>El catedr\u00e1tico y docente Roberto Vicente, ex secretario de Justicia del gobierno de Santa Fe, felicit\u00f3 a los organizadores de la actividad y se refiri\u00f3 a los partidos pol\u00edticos y al rol del Estado en las cuestiones electorales. Tambi\u00e9n se remont\u00f3 a la crisis de 2001 y al fracaso de la reforma pol\u00edtica impulsada entonces y describi\u00f3 el proceso de reforma llevado a cabo en su provincia.<\/p>\n<p>El titular de la Secretar\u00eda Electoral, distrito Entre R\u00edos, Gustavo Zonis, pidi\u00f3 a su turno &#8220;rescatar el rol de la justicia y su interacci\u00f3n en el control de las formas de votaci\u00f3n&#8221; y resalt\u00f3 &#8220;la generosidad con la que se ha encarado el debate sobre la reforma&#8221;. Destac\u00f3 el hecho de &#8220;llamar la atenci\u00f3n de los actores involucrados&#8221; y se mostr\u00f3 dispuesto a hacer propuestas.<\/p>\n<p>&#8220;Venimos a dar un diagn\u00f3stico y a formular algunas propuestas, ya que participamos en un proceso que no ha sido decisionista, sino que se inicia con la generosidad pol\u00edtica de abrirse hacia un sistema de consensos para arribar a un anteproyecto. Con criterio y convicci\u00f3n estamos pragm\u00e1ticamente convencidos de que hay que apuntar a \u00f3rganos jurisdiccionales de control y a la sencillez y practicidad de los sistemas de votaci\u00f3n para brindar confianza al elector&#8221;, sintetiz\u00f3.<\/p>\n<p>Por \u00faltimo, Agust\u00edn Gonz\u00e1lez, secretario General del Tribunal Electoral de Entre R\u00edos, se refiri\u00f3 a la reforma electoral a nivel nacional y valor\u00f3 la amplitud del plexo tem\u00e1tico del debate que se est\u00e1 dando en la provincia. &#8220;Nos permitir\u00e1 en vistas a las pr\u00f3ximas elecciones de 2019 tener un plazo razonable para poder desarrollar una reforma de nuestro sistema electoral, con los consensos y las capacitaciones necesarias y pertinentes&#8221;, se\u00f1al\u00f3.<\/p>\n","protected":false},"excerpt":{"rendered":"<p>El s\u00e9ptimo encuentro del foro para la reforma electoral que recorre la provincia fomentando el debate tuvo sede este martes en la ciudad de La Paz &nbsp; &nbsp; All\u00ed disertaron el catedr\u00e1tico santafesino Roberto Vicente; el secretario Electoral de Entre R\u00edos, Gustavo Zonis; y el secretario General del Tribunal Electoral, Agust\u00edn Gonz\u00e1lez. &#8220;La idea de este foro es alcanzar la multiplicidad de voces y posibilitar que puedan hacer aportes todos los interesados en ser parte del proyecto de reforma del sistema electoral. Darle voz a todos los entrerrianos es el&#8230;<\/p>\n","protected":false},"author":3,"featured_media":782,"comment_status":"closed","ping_status":"closed","sticky":false,"template":"","format":"standard","meta":[],"categories":[15],"tags":[],"_links":{"self":[{"href":"https:\/\/www.actualidadadiario.com\/index.php\/wp-json\/wp\/v2\/posts\/781"}],"collection":[{"href":"https:\/\/www.actualidadadiario.com\/index.php\/wp-json\/wp\/v2\/posts"}],"about":[{"href":"https:\/\/www.actualidadadiario.com\/index.php\/wp-json\/wp\/v2\/types\/post"}],"author":[{"embeddable":true,"href":"https:\/\/www.actualidadadiario.com\/index.php\/wp-json\/wp\/v2\/users\/3"}],"replies":[{"embeddable":true,"href":"https:\/\/www.actualidadadiario.com\/index.php\/wp-json\/wp\/v2\/comments?post=781"}],"version-history":[{"count":1,"href":"https:\/\/www.actualidadadiario.com\/index.php\/wp-json\/wp\/v2\/posts\/781\/revisions"}],"predecessor-version":[{"id":783,"href":"https:\/\/www.actualidadadiario.com\/index.php\/wp-json\/wp\/v2\/posts\/781\/revisions\/783"}],"wp:featuredmedia":[{"embeddable":true,"href":"https:\/\/www.actualidadadiario.com\/index.php\/wp-json\/wp\/v2\/media\/782"}],"wp:attachment":[{"href":"https:\/\/www.actualidadadiario.com\/index.php\/wp-json\/wp\/v2\/media?parent=781"}],"wp:term":[{"taxonomy":"category","embeddable":true,"href":"https:\/\/www.actualidadadiario.com\/index.php\/wp-json\/wp\/v2\/categories?post=781"},{"taxonomy":"post_tag","embeddable":true,"href":"https:\/\/www.actualidadadiario.com\/index.php\/wp-json\/wp\/v2\/tags?post=781"}],"curies":[{"name":"wp","href":"https:\/\/api.w.org\/{rel}","templated":true}]}}