{"id":778,"date":"2016-09-07T09:39:02","date_gmt":"2016-09-07T12:39:02","guid":{"rendered":"http:\/\/actualidadadiario.com\/site\/?p=778"},"modified":"2016-09-07T09:39:02","modified_gmt":"2016-09-07T12:39:02","slug":"realizaron-nuevos-allanamientos-en-feliciano-por-el-crimen-del-soldado","status":"publish","type":"post","link":"https:\/\/www.actualidadadiario.com\/index.php\/2016\/09\/07\/realizaron-nuevos-allanamientos-en-feliciano-por-el-crimen-del-soldado\/","title":{"rendered":"Realizaron nuevos allanamientos en Feliciano por el crimen del soldado"},"content":{"rendered":"<p><em><strong>Seg\u00fan trascendi\u00f3, buscar\u00edan un tel\u00e9fono celular que contar\u00eda con informaci\u00f3n esencial para la marcha de la causa. Allanaron la casa de la madre del detenido por el crimen de Bermani y otra propiedad<\/strong><\/em><\/p>\n<p>&nbsp;<\/p>\n<p>&nbsp;<\/p>\n<p>En el marco de la investigaci\u00f3n por el crimen de Fabricio Leonel Bermani, el soldado del Regimiento de Caballer\u00eda de Chajar\u00ed registrado el pasado 19 de junio cuando cumpl\u00eda con una guardia, se produjeron en el mediod\u00eda de este martes, dos allanamientos en la localidad de San Jos\u00e9 de Feliciano, ciudad donde es oriunda la familia Leiva.<\/p>\n<p>Recordemos que por esta causa se encuentran detenidos N\u00e9lida Beatr\u00edz Leiva, madre de Brian Escobar, detenido e imputado por el crimen del voluntario y Antonio Escobar, detenido en La Plata y sobre el que recae la misma imputaci\u00f3n que la de su hijo.<\/p>\n<p>De acuerdo a lo informado por\u00a0<em>Realidad Regional<\/em>\u00a0uno de los allanamientos se desarroll\u00f3 en el domicilio de Villaguay y Ecuador, domicilio que pertenecer\u00eda a la familia Leiva mientras que el segundo allanamiento tuvo lugar en la zona del ejido este, en cercan\u00edas al frigor\u00edfico, y se tratar\u00eda de un domicilio donde vivir\u00eda una familia de apellido G\u00e1lvez.<\/p>\n<p>El objetivo, o quiz\u00e1s el m\u00e1s importante, es la b\u00fasqueda de un tel\u00e9fono celular que contar\u00eda con informaci\u00f3n esencial para la marcha de la causa.<\/p>\n","protected":false},"excerpt":{"rendered":"<p>Seg\u00fan trascendi\u00f3, buscar\u00edan un tel\u00e9fono celular que contar\u00eda con informaci\u00f3n esencial para la marcha de la causa. Allanaron la casa de la madre del detenido por el crimen de Bermani y otra propiedad &nbsp; &nbsp; En el marco de la investigaci\u00f3n por el crimen de Fabricio Leonel Bermani, el soldado del Regimiento de Caballer\u00eda de Chajar\u00ed registrado el pasado 19 de junio cuando cumpl\u00eda con una guardia, se produjeron en el mediod\u00eda de este martes, dos allanamientos en la localidad de San Jos\u00e9 de Feliciano, ciudad donde es oriunda la&#8230;<\/p>\n","protected":false},"author":3,"featured_media":779,"comment_status":"closed","ping_status":"closed","sticky":false,"template":"","format":"standard","meta":[],"categories":[4],"tags":[],"_links":{"self":[{"href":"https:\/\/www.actualidadadiario.com\/index.php\/wp-json\/wp\/v2\/posts\/778"}],"collection":[{"href":"https:\/\/www.actualidadadiario.com\/index.php\/wp-json\/wp\/v2\/posts"}],"about":[{"href":"https:\/\/www.actualidadadiario.com\/index.php\/wp-json\/wp\/v2\/types\/post"}],"author":[{"embeddable":true,"href":"https:\/\/www.actualidadadiario.com\/index.php\/wp-json\/wp\/v2\/users\/3"}],"replies":[{"embeddable":true,"href":"https:\/\/www.actualidadadiario.com\/index.php\/wp-json\/wp\/v2\/comments?post=778"}],"version-history":[{"count":1,"href":"https:\/\/www.actualidadadiario.com\/index.php\/wp-json\/wp\/v2\/posts\/778\/revisions"}],"predecessor-version":[{"id":780,"href":"https:\/\/www.actualidadadiario.com\/index.php\/wp-json\/wp\/v2\/posts\/778\/revisions\/780"}],"wp:featuredmedia":[{"embeddable":true,"href":"https:\/\/www.actualidadadiario.com\/index.php\/wp-json\/wp\/v2\/media\/779"}],"wp:attachment":[{"href":"https:\/\/www.actualidadadiario.com\/index.php\/wp-json\/wp\/v2\/media?parent=778"}],"wp:term":[{"taxonomy":"category","embeddable":true,"href":"https:\/\/www.actualidadadiario.com\/index.php\/wp-json\/wp\/v2\/categories?post=778"},{"taxonomy":"post_tag","embeddable":true,"href":"https:\/\/www.actualidadadiario.com\/index.php\/wp-json\/wp\/v2\/tags?post=778"}],"curies":[{"name":"wp","href":"https:\/\/api.w.org\/{rel}","templated":true}]}}