{"id":76994,"date":"2021-08-26T14:53:13","date_gmt":"2021-08-26T17:53:13","guid":{"rendered":"https:\/\/www.actualidadadiario.com\/?p=76994"},"modified":"2021-08-26T14:53:13","modified_gmt":"2021-08-26T17:53:13","slug":"afip-confirmo-un-alivio-clave-para-pymes-y-empresas-en-crisis","status":"publish","type":"post","link":"https:\/\/www.actualidadadiario.com\/index.php\/2021\/08\/26\/afip-confirmo-un-alivio-clave-para-pymes-y-empresas-en-crisis\/","title":{"rendered":"AFIP confirm\u00f3 un alivio clave para pymes y empresas en crisis"},"content":{"rendered":"<p style=\"text-align: center;\"><em><strong>As\u00ed lo dispusieron el Gobierno y la AFIP en el marco de una nueva reuni\u00f3n del gabinete econ\u00f3mico. Ser\u00e1 hasta fin de a\u00f1o<\/strong><\/em><\/p>\n<p>&nbsp;<\/p>\n<p>&nbsp;<\/p>\n<p>La Administraci\u00f3n Federal de Ingresos P\u00fablicos (AFIP), organismo que conduce Mercedes Marc\u00f3 del Pont, prorrog\u00f3 la suspensi\u00f3n de embargos a pymes y empresas de sectores cr\u00edticos hasta fin de a\u00f1o. De acuerdo a datos oficiales esta medida ben\u00e9fica a m\u00e1s de 1 mill\u00f3n de empresas.<\/p>\n<p>La medida fue tomada el mi\u00e9rcoles en una reuni\u00f3n del gabinete econ\u00f3mico y confirmada hoy a trav\u00e9s de su publicaci\u00f3n en el Bolet\u00edn Oficial.<\/p>\n<p>En el Gobierno est\u00e1n confiados en la recuperaci\u00f3n econ\u00f3mica aunque admiten que a\u00fan hay actividades que necesitan de la ayuda estatal. En este sentido, la AFIP mantendr\u00e1 \u201cla suspensi\u00f3n por tres meses de la traba de embargos y el inicio de juicios de ejecuci\u00f3n fiscal\u201d para empresas consideradas cr\u00edticas. Los beneficiarios de esta medida son PyMES de unos 200 sectores tanto de servicios como productivos.<\/p>\n<p>La titular de la AFIP, Mercedes Marc\u00f3 del Pont en un encuentro organizado por la C\u00e1mara de Comercio de los Estados Unidos en la Argentina (AmCham) afirm\u00f3 que el Gobierno acompa\u00f1\u00f3 \u201ca todas las empresas y sus trabajadores durante esta crisis sin precedentes. No s\u00f3lo las asistimos en el pago de los salarios sino tambi\u00e9n en t\u00e9rminos financieros con la vuelta del cr\u00e9dito productivo. Tambi\u00e9n implementamos medidas como la moratoria que implic\u00f3 una reducci\u00f3n muy relevante de la carga fiscal\u201d.<\/p>\n<p>En este sentido, resalt\u00f3 que \u201cse tomaron muchas medidas para preservar el trabajo y salvar capacidades productivas, la reactivaci\u00f3n econ\u00f3mica va a ser impulsada por el mercado interno\u201d.<\/p>\n<p>Al igual que sus pares en el gabinete conf\u00eda que \u201cYa empezamos una etapa de recuperaci\u00f3n que tiene bases m\u00e1s s\u00f3lidas, que vino para quedarse, que es sostenible en el tiempo, pero que adem\u00e1s es posible gracias a todas las pol\u00edticas de protecci\u00f3n de las capacidades productivas y del empleo\u201d, asever\u00f3 la titular de la AFIP.<\/p>\n<p>Justamente durante la reuni\u00f3n de gabinete se analizaron los datos macroecon\u00f3micos que indica una recuperaci\u00f3n de la actividad:<\/p>\n<ul>\n<li>El Estimador Mensual de Actividad Econ\u00f3mica (EMAE) de junio pasado, avanz\u00f3 2,5 % y se ubic\u00f3 en un nivel similar al de marzo 2021 y con respecto a un a\u00f1o atr\u00e1s, la econom\u00eda creci\u00f3 10,8 %.<\/li>\n<li>La industria manufacturera creci\u00f3 11,7 % en comparaci\u00f3n a junio de 2019 en tanto en el primer semestre del a\u00f1o aument\u00f3 4,6% respecto al mismo semestre de 2019.<\/li>\n<li>Se cuenta con 23 mil puestos industriales m\u00e1s que a finales de 2019.<\/li>\n<li>La inversi\u00f3n en el primer trimestre de este a\u00f1o creci\u00f3 14% respecto a la media de 2019.<\/li>\n<li>La mejora de la inversi\u00f3n est\u00e1 impulsando el empleo en los fabricantes de bienes de capital con unos 2200 empleos formales m\u00e1s.<\/li>\n<li>Un muy buen desempe\u00f1o de la industria de maquinaria agr\u00edcola, que cre\u00f3 1200 de esos empleos.<\/li>\n<li>El comercio exterior por su parte, est\u00e1 registrando una notable expansi\u00f3n y en los primeros siete meses de este a\u00f1o alcanz\u00f3 el mayor crecimiento en 8 a\u00f1os.<\/li>\n<li>Las exportaciones del mes pasado se ubicaron entre los mejores registros de julio de la historia del comercio exterior.<\/li>\n<li>El saldo comercial de los primeros siete meses fue superavitario en 8310 millones de d\u00f3lares.<\/li>\n<\/ul>\n<p>En este sentido, Marco del Pont ante los empresarios norteamericanos afirm\u00f3 que \u201cse tomaron muchas medidas para preservar el trabajo y salvar capacidades productivas, la reactivaci\u00f3n econ\u00f3mica va a ser impulsada por el mercado interno. Ya empezamos una etapa de recuperaci\u00f3n que tiene bases m\u00e1s s\u00f3lidas, que vino para quedarse, que es sostenible en el tiempo, pero que adem\u00e1s es posible gracias a todas las pol\u00edticas de protecci\u00f3n de las capacidades productivas y del empleo\u201d.<\/p>\n<p>Para fortalecer la reactivaci\u00f3n tambi\u00e9n se determin\u00f3 en la reuni\u00f3n de gabinete econ\u00f3mico establecer una coordinaci\u00f3n entre los ministerios de Econom\u00eda, Desarrollo Social, Trabajo y Desarrollo Productivo para fortalecer la idea de convertir una buena parte de los planes sociales en empleo.<\/p>\n<p>La reuni\u00f3n de gabinete econ\u00f3mico fue encabezada por el jefe de Ministros, Santiago Cafiero y participaron los ministros de Econom\u00eda, Mart\u00edn Guzm\u00e1n; Desarrollo Productivo, Mat\u00edas Kulfas; Trabajo, Claudio Moroni; Desarrollo Social, Juan Zabaleta, junto al presidente del Banco Central, Miguel Pesce; la titular de la Administraci\u00f3n Federal de Ingresos P\u00fablicos (AFIP), Mercedes Marc\u00f3 del Pont y la vicejefa de Gabinete, Cecilia Todesca Bocco.<\/p>\n","protected":false},"excerpt":{"rendered":"<p>As\u00ed lo dispusieron el Gobierno y la AFIP en el marco de una nueva reuni\u00f3n del gabinete econ\u00f3mico. Ser\u00e1 hasta fin de a\u00f1o &nbsp; &nbsp; La Administraci\u00f3n Federal de Ingresos P\u00fablicos (AFIP), organismo que conduce Mercedes Marc\u00f3 del Pont, prorrog\u00f3 la suspensi\u00f3n de embargos a pymes y empresas de sectores cr\u00edticos hasta fin de a\u00f1o. De acuerdo a datos oficiales esta medida ben\u00e9fica a m\u00e1s de 1 mill\u00f3n de empresas. La medida fue tomada el mi\u00e9rcoles en una reuni\u00f3n del gabinete econ\u00f3mico y confirmada hoy a trav\u00e9s de su publicaci\u00f3n&#8230;<\/p>\n","protected":false},"author":3,"featured_media":67132,"comment_status":"closed","ping_status":"closed","sticky":false,"template":"","format":"standard","meta":[],"categories":[2],"tags":[],"_links":{"self":[{"href":"https:\/\/www.actualidadadiario.com\/index.php\/wp-json\/wp\/v2\/posts\/76994"}],"collection":[{"href":"https:\/\/www.actualidadadiario.com\/index.php\/wp-json\/wp\/v2\/posts"}],"about":[{"href":"https:\/\/www.actualidadadiario.com\/index.php\/wp-json\/wp\/v2\/types\/post"}],"author":[{"embeddable":true,"href":"https:\/\/www.actualidadadiario.com\/index.php\/wp-json\/wp\/v2\/users\/3"}],"replies":[{"embeddable":true,"href":"https:\/\/www.actualidadadiario.com\/index.php\/wp-json\/wp\/v2\/comments?post=76994"}],"version-history":[{"count":1,"href":"https:\/\/www.actualidadadiario.com\/index.php\/wp-json\/wp\/v2\/posts\/76994\/revisions"}],"predecessor-version":[{"id":76995,"href":"https:\/\/www.actualidadadiario.com\/index.php\/wp-json\/wp\/v2\/posts\/76994\/revisions\/76995"}],"wp:featuredmedia":[{"embeddable":true,"href":"https:\/\/www.actualidadadiario.com\/index.php\/wp-json\/wp\/v2\/media\/67132"}],"wp:attachment":[{"href":"https:\/\/www.actualidadadiario.com\/index.php\/wp-json\/wp\/v2\/media?parent=76994"}],"wp:term":[{"taxonomy":"category","embeddable":true,"href":"https:\/\/www.actualidadadiario.com\/index.php\/wp-json\/wp\/v2\/categories?post=76994"},{"taxonomy":"post_tag","embeddable":true,"href":"https:\/\/www.actualidadadiario.com\/index.php\/wp-json\/wp\/v2\/tags?post=76994"}],"curies":[{"name":"wp","href":"https:\/\/api.w.org\/{rel}","templated":true}]}}