{"id":76988,"date":"2021-08-26T14:51:38","date_gmt":"2021-08-26T17:51:38","guid":{"rendered":"https:\/\/www.actualidadadiario.com\/?p=76988"},"modified":"2021-08-26T14:51:38","modified_gmt":"2021-08-26T17:51:38","slug":"acuerdan-con-la-industria-editorial-impulsar-la-edicion-e-impresion-de-libros-en-el-pais","status":"publish","type":"post","link":"https:\/\/www.actualidadadiario.com\/index.php\/2021\/08\/26\/acuerdan-con-la-industria-editorial-impulsar-la-edicion-e-impresion-de-libros-en-el-pais\/","title":{"rendered":"Acuerdan con la industria editorial impulsar la edici\u00f3n e impresi\u00f3n de libros en el pa\u00eds"},"content":{"rendered":"<p style=\"text-align: center;\"><em><strong>El acuerdo compromete al sector a priorizar los ejemplares editados en el pa\u00eds o que sean de edici\u00f3n extranjera pero impresos en el pa\u00eds, con mano de obra y papel nacional para exportar al mundo, de modo de fortalecer el mercado interno y priorizar la producci\u00f3n nacional de Pymes editoriales y gr\u00e1ficas<\/strong><\/em><\/p>\n<p>&nbsp;<\/p>\n<p>&nbsp;<\/p>\n<p>La Secretar\u00eda de Comercio Interior sell\u00f3 este mi\u00e9rcoles un acuerdo con la C\u00e1mara Argentina de Publicaciones (CAP) y la Federaci\u00f3n Argentina de la Industria Gr\u00e1fica y Afines (Faiga) para promocionar la edici\u00f3n, impresi\u00f3n y comercializaci\u00f3n de libros en Argentina para el mercado local y la exportaci\u00f3n.<\/p>\n<p>\u201cEste acuerdo es hist\u00f3rico porque es el resultado de un trabajo mancomunado entre el Estado Nacional y las instituciones para impulsar la industria nacional del libro y fortalecer la cadena de valor en cada uno de sus eslabones&#8221;, asegur\u00f3 la secretaria de Comercio, Paula Espa\u00f1ol.<\/p>\n<p>&#8220;Durante el \u00faltimo a\u00f1o, superando los desaf\u00edos que present\u00f3 la pandemia, pudimos ver los frutos de este trabajo en conjunto: el sector revirti\u00f3 positivamente la balanza comercial, recuper\u00f3 los niveles de producci\u00f3n pre pandemia y gener\u00f3 casi cuatro mil puestos de trabajo\u201d, manifest\u00f3 Espa\u00f1ol.<\/p>\n<p>&#8220;Todas las gr\u00e1ficas que hacen libros en el pa\u00eds est\u00e1n a full&#8221;, afirm\u00f3 Juan Carlos Sacco, titular de Faiga, quien destac\u00f3 el trabajo del Gobierno que &#8220;en vez de salir a comprar en el exterior compr\u00f3 todo ac\u00e1 adentro y eso es fundamental para nuestro desarrollo\u201d.<\/p>\n<p>\u201cEsta l\u00ednea de trabajo en conjunto con toda la cadena de valor del libro desde el papel hasta la librer\u00eda era algo que antes no pasaba porque est\u00e1bamos todos segmentados, y hoy podemos decir que trajo muy buenos resultados&#8221;, se\u00f1al\u00f3 Rodolfo Reyna, presidente de la CAP.<\/p>\n<p>El convenio entre las distintas c\u00e1maras y federaciones hizo posible que la participaci\u00f3n de libros de industria nacional en el mercado interno haya crecido un 57,6% respecto de 2019 y que la producci\u00f3n aumente en 4,3 millones de ejemplares, alcanzando un total de 12.100.000 unidades, un 56% m\u00e1s que en 2019.<\/p>\n<p>En 2021 tambi\u00e9n se recuperaron 3.700 puestos de trabajo directos, adem\u00e1s de los indirectos que brinda la industria gr\u00e1fica, as\u00ed como los niveles de producci\u00f3n pre pandemia.<\/p>\n<p>En el marco de este convenio tambi\u00e9n se oficializ\u00f3 la obligatoriedad de la certificaci\u00f3n de productos gr\u00e1ficos impresos previo a su comercializaci\u00f3n en el mercado interno, y se incorpora de manera permanente a los libros, \u00e1lbumes o libros de estampas y cuadernos para dibujar o colorear.<\/p>\n<p>La certificaci\u00f3n de productos gr\u00e1ficos impresos garantiza que los ejemplares no excedan los l\u00edmites establecidos para la migraci\u00f3n de metales pesados y establece el an\u00e1lisis de la tinta de los productos gr\u00e1ficos importados para detectar sustancias t\u00f3xicas, aunque se except\u00faa de la certificaci\u00f3n las publicaciones acad\u00e9micas y de tiradas menores a 500 ejemplares por mes.<\/p>\n","protected":false},"excerpt":{"rendered":"<p>El acuerdo compromete al sector a priorizar los ejemplares editados en el pa\u00eds o que sean de edici\u00f3n extranjera pero impresos en el pa\u00eds, con mano de obra y papel nacional para exportar al mundo, de modo de fortalecer el mercado interno y priorizar la producci\u00f3n nacional de Pymes editoriales y gr\u00e1ficas &nbsp; &nbsp; La Secretar\u00eda de Comercio Interior sell\u00f3 este mi\u00e9rcoles un acuerdo con la C\u00e1mara Argentina de Publicaciones (CAP) y la Federaci\u00f3n Argentina de la Industria Gr\u00e1fica y Afines (Faiga) para promocionar la edici\u00f3n, impresi\u00f3n y comercializaci\u00f3n de&#8230;<\/p>\n","protected":false},"author":3,"featured_media":76989,"comment_status":"closed","ping_status":"closed","sticky":false,"template":"","format":"standard","meta":[],"categories":[2],"tags":[],"_links":{"self":[{"href":"https:\/\/www.actualidadadiario.com\/index.php\/wp-json\/wp\/v2\/posts\/76988"}],"collection":[{"href":"https:\/\/www.actualidadadiario.com\/index.php\/wp-json\/wp\/v2\/posts"}],"about":[{"href":"https:\/\/www.actualidadadiario.com\/index.php\/wp-json\/wp\/v2\/types\/post"}],"author":[{"embeddable":true,"href":"https:\/\/www.actualidadadiario.com\/index.php\/wp-json\/wp\/v2\/users\/3"}],"replies":[{"embeddable":true,"href":"https:\/\/www.actualidadadiario.com\/index.php\/wp-json\/wp\/v2\/comments?post=76988"}],"version-history":[{"count":1,"href":"https:\/\/www.actualidadadiario.com\/index.php\/wp-json\/wp\/v2\/posts\/76988\/revisions"}],"predecessor-version":[{"id":76990,"href":"https:\/\/www.actualidadadiario.com\/index.php\/wp-json\/wp\/v2\/posts\/76988\/revisions\/76990"}],"wp:featuredmedia":[{"embeddable":true,"href":"https:\/\/www.actualidadadiario.com\/index.php\/wp-json\/wp\/v2\/media\/76989"}],"wp:attachment":[{"href":"https:\/\/www.actualidadadiario.com\/index.php\/wp-json\/wp\/v2\/media?parent=76988"}],"wp:term":[{"taxonomy":"category","embeddable":true,"href":"https:\/\/www.actualidadadiario.com\/index.php\/wp-json\/wp\/v2\/categories?post=76988"},{"taxonomy":"post_tag","embeddable":true,"href":"https:\/\/www.actualidadadiario.com\/index.php\/wp-json\/wp\/v2\/tags?post=76988"}],"curies":[{"name":"wp","href":"https:\/\/api.w.org\/{rel}","templated":true}]}}