{"id":76985,"date":"2021-08-26T14:50:52","date_gmt":"2021-08-26T17:50:52","guid":{"rendered":"https:\/\/www.actualidadadiario.com\/?p=76985"},"modified":"2021-08-26T14:50:52","modified_gmt":"2021-08-26T17:50:52","slug":"la-distribucion-de-900-mil-dosis-de-vacunas-moderna-para-adolescentes-con-enfermedades-previas-provincia-por-provincia","status":"publish","type":"post","link":"https:\/\/www.actualidadadiario.com\/index.php\/2021\/08\/26\/la-distribucion-de-900-mil-dosis-de-vacunas-moderna-para-adolescentes-con-enfermedades-previas-provincia-por-provincia\/","title":{"rendered":"La distribuci\u00f3n de 900 mil dosis de vacunas Moderna para adolescentes con enfermedades previas, provincia por provincia"},"content":{"rendered":"<p style=\"text-align: center;\"><em><strong>Se trata de la segunda entrega por la misma cantidad. El 28 de julio se inici\u00f3\u00a0 el esquema de inoculaciones de la franja poblacional de 12 a 17 a\u00f1os que tienen lo que el ministerio de Salud denomina &#8220;condiciones priorizadas&#8221;<\/strong><\/em><\/p>\n<p>&nbsp;<\/p>\n<p>&nbsp;<\/p>\n<p>&nbsp;<\/p>\n<p>Entre hoy y ma\u00f1ana llegan a las 24 jurisdicciones del pa\u00eds otras 901.040 dosis de la vacuna Moderna del total de 3.500.000 que fueron donadas a la Argentina por Estados Unidos en el marco del Plan Estrat\u00e9gico de Vacunaci\u00f3n que el Gobierno nacional lleva adelante en todo el territorio. Ser\u00e1n para adolescentes de 12 a 17 a\u00f1os con condiciones priorizadas.<\/p>\n<p>Se trata de la segunda distribuci\u00f3n dispuesta por la misma cantidad luego de la efectuada el pasado 28 de julio que permiti\u00f3 iniciar el esquema de inoculaciones de la franja poblacional de 12 a 17 a\u00f1os con condiciones priorizadas.<\/p>\n<p>&nbsp;<\/p>\n<p><strong>As\u00ed se repartir\u00e1n seg\u00fan el criterio dispuesto por el Ministerio de Salud de la Naci\u00f3n, en base a la cantidad de poblaci\u00f3n de cada distrito:<\/strong><\/p>\n<p>-A la provincia de Buenos Aires le corresponder\u00e1n 347.760 dosis.<\/p>\n<p>-A la Ciudad de Buenos Aires, 60.480.<\/p>\n<p>-A Catamarca, 8.400.<\/p>\n<p>-A Chaco, 23.520.<\/p>\n<p>-A Chubut, 12.180.<\/p>\n<p>-A C\u00f3rdoba, 74.760.<\/p>\n<p>-A Corrientes, 21.840.<\/p>\n<p>-A Entre R\u00edos, 27.300.<\/p>\n<p>-A Formosa, 11.760.<\/p>\n<p>-A Jujuy, 15.120.<\/p>\n<p>-A La Pampa, 7.140 a La Rioja, 8.400.<\/p>\n<p>-A La Rioja, 8.400<\/p>\n<p>-A Mendoza, 39.480.<\/p>\n<p>-A Misiones, 25.200.<\/p>\n<p>-A Neuqu\u00e9n, 13.440.<\/p>\n<p>-A R\u00edo Negro, 15.120.<\/p>\n<p>-A Salta, 28.560.<\/p>\n<p>-A San Juan, 15.540.<\/p>\n<p>-A San Luis, 10.080<\/p>\n<p>-A Santa Cruz, 7.140.<\/p>\n<p>-A Santa Fe, 70.280.<\/p>\n<p>-A Santiago del Estero, 20.160.<\/p>\n<p>-A Tierra del Fuego, 3.640.<\/p>\n<p>&#8211; A Tucum\u00e1n, 33.740.<\/p>\n<p>&nbsp;<\/p>\n<p><strong>Cu\u00e1les con las condiciones priorizadas<\/strong><\/p>\n<ul>\n<li>Diabetes tipo 1 o 2.<\/li>\n<li>Obesidad grado 2 (IMC &gt; 35) y grado 3 (IMC &gt; 40).<\/li>\n<li>Enfermedad cardiovascular cr\u00f3nica: Insuficiencia card\u00edaca, enfermedad coronaria, valvulopat\u00edas, miocardiopat\u00edas, hipertensi\u00f3n pulmonar, cardiopat\u00edas cong\u00e9nitas.<\/li>\n<li>Enfermedad renal cr\u00f3nica (incluidos pacientes en di\u00e1lisis cr\u00f3nica y trasplantes) y s\u00edndrome nefr\u00f3tico.<\/li>\n<li>Enfermedad respiratoria cr\u00f3nica: Enfermedad pulmonar obstructiva cr\u00f3nica (EPOC), fibrosis qu\u00edstica, enfermedad intersticial pulmonar, asma grave; requerimiento de ox\u00edgeno terapia; enfermedad grave de la v\u00eda a\u00e9rea; hospitalizaciones por asma.<\/li>\n<li>Enfermedad hep\u00e1tica: Cirrosis, hepatitis autoinmune.<\/li>\n<li>Personas que viven con VIH independientemente del CD4 y CV.\u2022 Pacientes en lista de espera para trasplantes de \u00f3rganos s\u00f3lidos y trasplantes de c\u00e9lulas hematopoy\u00e9ticas.<\/li>\n<li>Pacientes oncol\u00f3gicos y oncohematol\u00f3gicos con diagn\u00f3stico reciente o \u201cactiva\u201d.<\/li>\n<li>Personas con tuberculosis activa.<\/li>\n<li>Personas con discapacidad intelectual y del desarrollo.<\/li>\n<li>S\u00edndrome de Down.<\/li>\n<li>Personas con enfermedades autoinmunes y\/o tratamientos inmunosupresores, inmunomoduladores o biol\u00f3gicos.<\/li>\n<li>Adolescentes que viven en lugares de larga estancia.<\/li>\n<li>Personas gestantes de 12 a 17 a\u00f1os con indicaci\u00f3n individual.<\/li>\n<li>Personas con carnet \u00fanico de discapacidad (CUD) vigente.<\/li>\n<li>Personas con pensi\u00f3n de ANSES por invalidez aunque no tengan CUD.<\/li>\n<li>Personas con pensi\u00f3n de ANSES por trasplantes aunque no tengan CUD.<\/li>\n<\/ul>\n<p>El criterio de distribuci\u00f3n de la vacuna Moderna se realiza en base a los datos del Instituto Nacional de Estad\u00edsticas y Censos (INDEC), luego de que la Agencia Europea de Medicamentos (EMA) recomendara la autorizaci\u00f3n correspondiente para su uso en personas de 12 a 17 a\u00f1os.<\/p>\n","protected":false},"excerpt":{"rendered":"<p>Se trata de la segunda entrega por la misma cantidad. El 28 de julio se inici\u00f3\u00a0 el esquema de inoculaciones de la franja poblacional de 12 a 17 a\u00f1os que tienen lo que el ministerio de Salud denomina &#8220;condiciones priorizadas&#8221; &nbsp; &nbsp; &nbsp; Entre hoy y ma\u00f1ana llegan a las 24 jurisdicciones del pa\u00eds otras 901.040 dosis de la vacuna Moderna del total de 3.500.000 que fueron donadas a la Argentina por Estados Unidos en el marco del Plan Estrat\u00e9gico de Vacunaci\u00f3n que el Gobierno nacional lleva adelante en todo&#8230;<\/p>\n","protected":false},"author":3,"featured_media":76986,"comment_status":"closed","ping_status":"closed","sticky":false,"template":"","format":"standard","meta":[],"categories":[9],"tags":[],"_links":{"self":[{"href":"https:\/\/www.actualidadadiario.com\/index.php\/wp-json\/wp\/v2\/posts\/76985"}],"collection":[{"href":"https:\/\/www.actualidadadiario.com\/index.php\/wp-json\/wp\/v2\/posts"}],"about":[{"href":"https:\/\/www.actualidadadiario.com\/index.php\/wp-json\/wp\/v2\/types\/post"}],"author":[{"embeddable":true,"href":"https:\/\/www.actualidadadiario.com\/index.php\/wp-json\/wp\/v2\/users\/3"}],"replies":[{"embeddable":true,"href":"https:\/\/www.actualidadadiario.com\/index.php\/wp-json\/wp\/v2\/comments?post=76985"}],"version-history":[{"count":1,"href":"https:\/\/www.actualidadadiario.com\/index.php\/wp-json\/wp\/v2\/posts\/76985\/revisions"}],"predecessor-version":[{"id":76987,"href":"https:\/\/www.actualidadadiario.com\/index.php\/wp-json\/wp\/v2\/posts\/76985\/revisions\/76987"}],"wp:featuredmedia":[{"embeddable":true,"href":"https:\/\/www.actualidadadiario.com\/index.php\/wp-json\/wp\/v2\/media\/76986"}],"wp:attachment":[{"href":"https:\/\/www.actualidadadiario.com\/index.php\/wp-json\/wp\/v2\/media?parent=76985"}],"wp:term":[{"taxonomy":"category","embeddable":true,"href":"https:\/\/www.actualidadadiario.com\/index.php\/wp-json\/wp\/v2\/categories?post=76985"},{"taxonomy":"post_tag","embeddable":true,"href":"https:\/\/www.actualidadadiario.com\/index.php\/wp-json\/wp\/v2\/tags?post=76985"}],"curies":[{"name":"wp","href":"https:\/\/api.w.org\/{rel}","templated":true}]}}