{"id":76978,"date":"2021-08-25T14:47:08","date_gmt":"2021-08-25T17:47:08","guid":{"rendered":"https:\/\/www.actualidadadiario.com\/?p=76978"},"modified":"2021-08-25T14:47:08","modified_gmt":"2021-08-25T17:47:08","slug":"en-que-consiste-la-alianza-internacional-que-propone-alemania-contra-el-cambio-climatico","status":"publish","type":"post","link":"https:\/\/www.actualidadadiario.com\/index.php\/2021\/08\/25\/en-que-consiste-la-alianza-internacional-que-propone-alemania-contra-el-cambio-climatico\/","title":{"rendered":"\u00bfEn qu\u00e9 consiste la alianza internacional que propone Alemania contra el cambio clim\u00e1tico?"},"content":{"rendered":"<p style=\"text-align: center;\"><em><strong>Los principales emisores de gases de efecto invernadero son China y Estados Unidos, pero tambi\u00e9n hay numerosos socios comerciales de la Uni\u00f3n Europea<\/strong><\/em><\/p>\n<p>&nbsp;<\/p>\n<p>&nbsp;<\/p>\n<p>El martes, Alemania acord\u00f3 una serie de puntos clave para la fundaci\u00f3n de una alianza internacional contra el cambio clim\u00e1tico. La iniciativa fue por el ministro de Finanzas y aspirante a la canciller\u00eda alemana, el socialdem\u00f3crata Olaf Scholz, en conjunto con las carteras de Relaciones Exteriores y la de Medio Ambiente y Desarrollo.<\/p>\n<p>\u00abUna alianza clim\u00e1tica internacional basada en la cooperaci\u00f3n y la confianza (\u2026) puede ayudar a superar este dilema. Si el \u2018club del clima\u2019 es lo suficientemente grande y consigue acordar unas normas comunes conformes con la Organizaci\u00f3n Mundial de Comercio (OMC), puede tener un efecto de atracci\u00f3n mundial\u00bb, sostiene el documento.<\/p>\n<p>Se incluyen incentivos para que los pa\u00edses m\u00e1s desarrollados se comprometan a acelerar la aplicaci\u00f3n del Acuerdo de Par\u00eds. Este mi\u00e9rcoles Scholz presentar\u00e1 la propuesta al gabinete alem\u00e1n, indic\u00f3 el Ministerio de Finanzas. El documento afirma que este club o alianza deber\u00eda ser una asociaci\u00f3n de \u00ablos pa\u00edses m\u00e1s ambiciosos del mundo en materia de pol\u00edtica clim\u00e1tica\u00bb y sostiene que, en principio, la participaci\u00f3n est\u00e1 abierta a todos.<\/p>\n<p>Sholz, quien promovi\u00f3 la idea en la cumbre del G20 en Venecia, tiene previsto mantener conversaciones a nivel europeo, \u00abespecialmente con Francia\u00bb, luego de informar sus planes al gabinete de Gobierno. Los principales emisores de gases de efecto invernadero son China y Estados Unidos, pero tambi\u00e9n hay numerosos socios comerciales de la Uni\u00f3n Europea a los que se aspira a sumar, agrega el documento sin dar m\u00e1s detalles.<\/p>\n<p>La propuesta es que los miembros de esta alianza se comprometan con el objetivo de limitar a 1,5 grados el calentamiento global estipulado en el Acuerdo de Par\u00eds y esforzarse por alcanzar la neutralidad clim\u00e1tica a m\u00e1s tardar en 2050.<\/p>\n","protected":false},"excerpt":{"rendered":"<p>Los principales emisores de gases de efecto invernadero son China y Estados Unidos, pero tambi\u00e9n hay numerosos socios comerciales de la Uni\u00f3n Europea &nbsp; &nbsp; El martes, Alemania acord\u00f3 una serie de puntos clave para la fundaci\u00f3n de una alianza internacional contra el cambio clim\u00e1tico. La iniciativa fue por el ministro de Finanzas y aspirante a la canciller\u00eda alemana, el socialdem\u00f3crata Olaf Scholz, en conjunto con las carteras de Relaciones Exteriores y la de Medio Ambiente y Desarrollo. \u00abUna alianza clim\u00e1tica internacional basada en la cooperaci\u00f3n y la confianza (\u2026)&#8230;<\/p>\n","protected":false},"author":3,"featured_media":76979,"comment_status":"closed","ping_status":"closed","sticky":false,"template":"","format":"standard","meta":[],"categories":[4],"tags":[],"_links":{"self":[{"href":"https:\/\/www.actualidadadiario.com\/index.php\/wp-json\/wp\/v2\/posts\/76978"}],"collection":[{"href":"https:\/\/www.actualidadadiario.com\/index.php\/wp-json\/wp\/v2\/posts"}],"about":[{"href":"https:\/\/www.actualidadadiario.com\/index.php\/wp-json\/wp\/v2\/types\/post"}],"author":[{"embeddable":true,"href":"https:\/\/www.actualidadadiario.com\/index.php\/wp-json\/wp\/v2\/users\/3"}],"replies":[{"embeddable":true,"href":"https:\/\/www.actualidadadiario.com\/index.php\/wp-json\/wp\/v2\/comments?post=76978"}],"version-history":[{"count":1,"href":"https:\/\/www.actualidadadiario.com\/index.php\/wp-json\/wp\/v2\/posts\/76978\/revisions"}],"predecessor-version":[{"id":76980,"href":"https:\/\/www.actualidadadiario.com\/index.php\/wp-json\/wp\/v2\/posts\/76978\/revisions\/76980"}],"wp:featuredmedia":[{"embeddable":true,"href":"https:\/\/www.actualidadadiario.com\/index.php\/wp-json\/wp\/v2\/media\/76979"}],"wp:attachment":[{"href":"https:\/\/www.actualidadadiario.com\/index.php\/wp-json\/wp\/v2\/media?parent=76978"}],"wp:term":[{"taxonomy":"category","embeddable":true,"href":"https:\/\/www.actualidadadiario.com\/index.php\/wp-json\/wp\/v2\/categories?post=76978"},{"taxonomy":"post_tag","embeddable":true,"href":"https:\/\/www.actualidadadiario.com\/index.php\/wp-json\/wp\/v2\/tags?post=76978"}],"curies":[{"name":"wp","href":"https:\/\/api.w.org\/{rel}","templated":true}]}}