{"id":76972,"date":"2021-08-25T14:45:36","date_gmt":"2021-08-25T17:45:36","guid":{"rendered":"https:\/\/www.actualidadadiario.com\/?p=76972"},"modified":"2021-08-25T14:45:36","modified_gmt":"2021-08-25T17:45:36","slug":"la-fifa-gestiona-la-liberacion-de-los-futbolistas-para-las-eliminatorias","status":"publish","type":"post","link":"https:\/\/www.actualidadadiario.com\/index.php\/2021\/08\/25\/la-fifa-gestiona-la-liberacion-de-los-futbolistas-para-las-eliminatorias\/","title":{"rendered":"La FIFA gestiona la liberaci\u00f3n de los futbolistas para las Eliminatorias"},"content":{"rendered":"<p style=\"text-align: center;\"><em><strong>El presidente de la m\u00e1xima entidad del f\u00fatbol mundial, Gianni Infantino. Inform\u00f3 que inici\u00f3 gestiones con el primer ministro brit\u00e1nico, Boris Johnson, para evitar que los jugadores hagan el aislamiento cuando regresen de competir con sus seleccionados<\/strong><\/em><\/p>\n<p>&nbsp;<\/p>\n<p>&nbsp;<\/p>\n<p>La FIFA, a trav\u00e9s de su presidente Gianni Infantino, inform\u00f3 este mi\u00e9rcoles que se iniciaron gestiones con el primer ministro brit\u00e1nico, Boris Johnson, para la liberaci\u00f3n de los futbolistas convocados a los seleccionados sudamericanos.<\/p>\n<p>El titular de la entidad con sede en Z\u00farich, Suiza, public\u00f3 un comunicado en el que inst\u00f3 &#8220;a todos&#8221; los involucrados a &#8220;garantizar la liberaci\u00f3n de jugadores internacionales para los pr\u00f3ximos&#8221; partidos de Eliminatorias para el Mundial de Qatar 2022.<\/p>\n<p>&#8220;La liberaci\u00f3n de jugadores en las pr\u00f3ximas ventanas internacionales es un asunto de gran urgencia e importancia&#8221;, remarc\u00f3 Infantino en el inicio del texto publicado en la p\u00e1gina oficial de la FIFA.<\/p>\n<p>&#8220;Hago un llamado de solidaridad a cada asociaci\u00f3n miembro, cada liga y cada club, para hacer lo que es correcto y justo. Muchos de los mejores jugadores del mundo compiten en las ligas de Inglaterra y Espa\u00f1a, y creemos que estos pa\u00edses tambi\u00e9n comparten la responsabilidad de preservar y proteger la integridad deportiva de las competiciones en todo el mundo&#8221;, agreg\u00f3 el dirigente suizo.<\/p>\n<p>Puntualmente sobre la decisi\u00f3n de la Premier League, Infantino inform\u00f3 que inici\u00f3 gestiones con el primer ministro, Boris Johnson, para evitar que los jugadores hagan el aislamiento cuando regresen de competir con sus seleccionados.<\/p>\n<p>En este sentido, el presidente de la FIFA cont\u00f3 que le sugiri\u00f3 a Gran Breta\u00f1a que &#8220;se implemente un enfoque similar al adoptado&#8221; por su gobierno durante &#8220;las etapas finales de la EURO 2020&#8221;.<\/p>\n<p>Cabe recordar que Londres fue sede de la final y de las dos semifinales del torneo que gan\u00f3 Italia con p\u00fablico en el estadio Wembley.<\/p>\n<p>La Premier League fue la primera liga que se neg\u00f3 a liberar a los futbolistas convocados por sus respectivos seleccionados para la pr\u00f3xima fecha FIFA ya que al retornar de los pa\u00edses incluidos en la &#8220;lista roja&#8221; que arm\u00f3 el Gobierno brit\u00e1nico por el Covid-19 deber\u00e1n realizar un aislamiento de diez d\u00edas.<\/p>\n","protected":false},"excerpt":{"rendered":"<p>El presidente de la m\u00e1xima entidad del f\u00fatbol mundial, Gianni Infantino. Inform\u00f3 que inici\u00f3 gestiones con el primer ministro brit\u00e1nico, Boris Johnson, para evitar que los jugadores hagan el aislamiento cuando regresen de competir con sus seleccionados &nbsp; &nbsp; La FIFA, a trav\u00e9s de su presidente Gianni Infantino, inform\u00f3 este mi\u00e9rcoles que se iniciaron gestiones con el primer ministro brit\u00e1nico, Boris Johnson, para la liberaci\u00f3n de los futbolistas convocados a los seleccionados sudamericanos. El titular de la entidad con sede en Z\u00farich, Suiza, public\u00f3 un comunicado en el que inst\u00f3&#8230;<\/p>\n","protected":false},"author":3,"featured_media":76973,"comment_status":"closed","ping_status":"closed","sticky":false,"template":"","format":"standard","meta":[],"categories":[4],"tags":[],"_links":{"self":[{"href":"https:\/\/www.actualidadadiario.com\/index.php\/wp-json\/wp\/v2\/posts\/76972"}],"collection":[{"href":"https:\/\/www.actualidadadiario.com\/index.php\/wp-json\/wp\/v2\/posts"}],"about":[{"href":"https:\/\/www.actualidadadiario.com\/index.php\/wp-json\/wp\/v2\/types\/post"}],"author":[{"embeddable":true,"href":"https:\/\/www.actualidadadiario.com\/index.php\/wp-json\/wp\/v2\/users\/3"}],"replies":[{"embeddable":true,"href":"https:\/\/www.actualidadadiario.com\/index.php\/wp-json\/wp\/v2\/comments?post=76972"}],"version-history":[{"count":1,"href":"https:\/\/www.actualidadadiario.com\/index.php\/wp-json\/wp\/v2\/posts\/76972\/revisions"}],"predecessor-version":[{"id":76974,"href":"https:\/\/www.actualidadadiario.com\/index.php\/wp-json\/wp\/v2\/posts\/76972\/revisions\/76974"}],"wp:featuredmedia":[{"embeddable":true,"href":"https:\/\/www.actualidadadiario.com\/index.php\/wp-json\/wp\/v2\/media\/76973"}],"wp:attachment":[{"href":"https:\/\/www.actualidadadiario.com\/index.php\/wp-json\/wp\/v2\/media?parent=76972"}],"wp:term":[{"taxonomy":"category","embeddable":true,"href":"https:\/\/www.actualidadadiario.com\/index.php\/wp-json\/wp\/v2\/categories?post=76972"},{"taxonomy":"post_tag","embeddable":true,"href":"https:\/\/www.actualidadadiario.com\/index.php\/wp-json\/wp\/v2\/tags?post=76972"}],"curies":[{"name":"wp","href":"https:\/\/api.w.org\/{rel}","templated":true}]}}