{"id":76962,"date":"2021-08-25T14:27:23","date_gmt":"2021-08-25T17:27:23","guid":{"rendered":"https:\/\/www.actualidadadiario.com\/?p=76962"},"modified":"2021-08-25T14:27:23","modified_gmt":"2021-08-25T17:27:23","slug":"musico-chajariense-fallecio-tras-fatal-vuelco-en-la-autovia-a-la-altura-de-san-jose","status":"publish","type":"post","link":"https:\/\/www.actualidadadiario.com\/index.php\/2021\/08\/25\/musico-chajariense-fallecio-tras-fatal-vuelco-en-la-autovia-a-la-altura-de-san-jose\/","title":{"rendered":"M\u00fasico chajariense falleci\u00f3 tras fatal vuelco en la autov\u00eda a la altura de San Jos\u00e9"},"content":{"rendered":"<p style=\"text-align: center;\"><em><strong>En la ma\u00f1ana de este mi\u00e9rcoles, un fatal vuelco se produjo en la autov\u00eda \u201cJos\u00e9 Gervasio Artigas\u201d, en el kil\u00f3metro 156, a la altura de la localidad de San Jos\u00e9. En el siniestro vial fallecieron dos personas, entre ellas, un conocido m\u00fasico de Chajar\u00ed, German Duarte<\/strong><\/em><\/p>\n<p>&nbsp;<\/p>\n<p>&nbsp;<\/p>\n<p>El rodado, marca Chevrolet, modelo Onix, color bordo, circulaba de Norte a Sur cuando, por causas que se tratar\u00e1n de establecer, perdi\u00f3 el control y volc\u00f3 violentamente.<\/p>\n<p>El auto era conducido por Debora Panunzio, una mujer de 47 a\u00f1os, oriunda de Mor\u00f3n (Buenos Aires), quien falleci\u00f3 tras el hecho. Los acompa\u00f1antes eran dos hombres mayores de edad, oriundos de Chajar\u00ed.<\/p>\n<p>German Duarte, de 48 a\u00f1os, sufri\u00f3 heridas graves y fue trasladado a un hospital de la zona, donde finalmente falleci\u00f3. Otro de los ocupantes del rodado, Fernando Genero, de 36 a\u00f1os, result\u00f3 con lesiones leves.<\/p>\n<p>En el lugar trabaj\u00f3 personal de Bomberos de San Jos\u00e9 y del servicio de emergencia de Col\u00f3n.<\/p>\n","protected":false},"excerpt":{"rendered":"<p>En la ma\u00f1ana de este mi\u00e9rcoles, un fatal vuelco se produjo en la autov\u00eda \u201cJos\u00e9 Gervasio Artigas\u201d, en el kil\u00f3metro 156, a la altura de la localidad de San Jos\u00e9. En el siniestro vial fallecieron dos personas, entre ellas, un conocido m\u00fasico de Chajar\u00ed, German Duarte &nbsp; &nbsp; El rodado, marca Chevrolet, modelo Onix, color bordo, circulaba de Norte a Sur cuando, por causas que se tratar\u00e1n de establecer, perdi\u00f3 el control y volc\u00f3 violentamente. El auto era conducido por Debora Panunzio, una mujer de 47 a\u00f1os, oriunda de Mor\u00f3n&#8230;<\/p>\n","protected":false},"author":3,"featured_media":76963,"comment_status":"closed","ping_status":"closed","sticky":false,"template":"","format":"standard","meta":[],"categories":[15],"tags":[],"_links":{"self":[{"href":"https:\/\/www.actualidadadiario.com\/index.php\/wp-json\/wp\/v2\/posts\/76962"}],"collection":[{"href":"https:\/\/www.actualidadadiario.com\/index.php\/wp-json\/wp\/v2\/posts"}],"about":[{"href":"https:\/\/www.actualidadadiario.com\/index.php\/wp-json\/wp\/v2\/types\/post"}],"author":[{"embeddable":true,"href":"https:\/\/www.actualidadadiario.com\/index.php\/wp-json\/wp\/v2\/users\/3"}],"replies":[{"embeddable":true,"href":"https:\/\/www.actualidadadiario.com\/index.php\/wp-json\/wp\/v2\/comments?post=76962"}],"version-history":[{"count":2,"href":"https:\/\/www.actualidadadiario.com\/index.php\/wp-json\/wp\/v2\/posts\/76962\/revisions"}],"predecessor-version":[{"id":76965,"href":"https:\/\/www.actualidadadiario.com\/index.php\/wp-json\/wp\/v2\/posts\/76962\/revisions\/76965"}],"wp:featuredmedia":[{"embeddable":true,"href":"https:\/\/www.actualidadadiario.com\/index.php\/wp-json\/wp\/v2\/media\/76963"}],"wp:attachment":[{"href":"https:\/\/www.actualidadadiario.com\/index.php\/wp-json\/wp\/v2\/media?parent=76962"}],"wp:term":[{"taxonomy":"category","embeddable":true,"href":"https:\/\/www.actualidadadiario.com\/index.php\/wp-json\/wp\/v2\/categories?post=76962"},{"taxonomy":"post_tag","embeddable":true,"href":"https:\/\/www.actualidadadiario.com\/index.php\/wp-json\/wp\/v2\/tags?post=76962"}],"curies":[{"name":"wp","href":"https:\/\/api.w.org\/{rel}","templated":true}]}}