{"id":76959,"date":"2021-08-25T14:26:44","date_gmt":"2021-08-25T17:26:44","guid":{"rendered":"https:\/\/www.actualidadadiario.com\/?p=76959"},"modified":"2021-08-25T14:26:44","modified_gmt":"2021-08-25T17:26:44","slug":"tras-los-anuncios-de-nacion-aclaran-como-es-la-afluencia-de-espectadores-en-los-eventos-deportivos-entrerrianos","status":"publish","type":"post","link":"https:\/\/www.actualidadadiario.com\/index.php\/2021\/08\/25\/tras-los-anuncios-de-nacion-aclaran-como-es-la-afluencia-de-espectadores-en-los-eventos-deportivos-entrerrianos\/","title":{"rendered":"Tras los anuncios de Naci\u00f3n aclaran c\u00f3mo es la afluencia de espectadores en los eventos deportivos entrerrianos"},"content":{"rendered":"<p style=\"text-align: center;\"><em><strong>La ministra de Salud, Carla Vizzotti, y el de Deportes, Mat\u00edas Lammens, anunciaron que se har\u00e1 una prueba piloto. &#8220;Estamos avanzando en Entre R\u00edos, en la medida de que la pandemia nos lo permita&#8221;, resaltan desde el gobierno provincial<\/strong><\/em><\/p>\n<p>&nbsp;<\/p>\n<p>&nbsp;<\/p>\n<p>El secretario de Deportes del Ministerio de Desarrollo Social de Entre R\u00edos, Jos\u00e9 G\u00f3mez, record\u00f3 que &#8220;en la Provincia ya venimos con un programa de aperturas progresivas, en cuanto a mayor cantidad de gente en los espect\u00e1culos deportivos&#8221;.<\/p>\n<p>El funcionario explic\u00f3 que la legislaci\u00f3n provincial &#8220;permite la presencia de espectadores&#8221;. Ejemplificando que los permisos rigen &#8220;en todas las ligas de f\u00fatbol de Entre R\u00edos, al igual que en las asociaciones de b\u00e1squet y dem\u00e1s disciplinas&#8221;.<\/p>\n<p>&#8220;Hace dos semanas se viene con competencias y actividades deportivas durante los fines de semana, con la presencia de hasta 400 espectadores cuando es al aire libre y hasta 200, en lugares cerrados&#8221;, remat\u00f3.<\/p>\n","protected":false},"excerpt":{"rendered":"<p>La ministra de Salud, Carla Vizzotti, y el de Deportes, Mat\u00edas Lammens, anunciaron que se har\u00e1 una prueba piloto. &#8220;Estamos avanzando en Entre R\u00edos, en la medida de que la pandemia nos lo permita&#8221;, resaltan desde el gobierno provincial &nbsp; &nbsp; El secretario de Deportes del Ministerio de Desarrollo Social de Entre R\u00edos, Jos\u00e9 G\u00f3mez, record\u00f3 que &#8220;en la Provincia ya venimos con un programa de aperturas progresivas, en cuanto a mayor cantidad de gente en los espect\u00e1culos deportivos&#8221;. El funcionario explic\u00f3 que la legislaci\u00f3n provincial &#8220;permite la presencia de&#8230;<\/p>\n","protected":false},"author":3,"featured_media":76960,"comment_status":"closed","ping_status":"closed","sticky":false,"template":"","format":"standard","meta":[],"categories":[15],"tags":[],"_links":{"self":[{"href":"https:\/\/www.actualidadadiario.com\/index.php\/wp-json\/wp\/v2\/posts\/76959"}],"collection":[{"href":"https:\/\/www.actualidadadiario.com\/index.php\/wp-json\/wp\/v2\/posts"}],"about":[{"href":"https:\/\/www.actualidadadiario.com\/index.php\/wp-json\/wp\/v2\/types\/post"}],"author":[{"embeddable":true,"href":"https:\/\/www.actualidadadiario.com\/index.php\/wp-json\/wp\/v2\/users\/3"}],"replies":[{"embeddable":true,"href":"https:\/\/www.actualidadadiario.com\/index.php\/wp-json\/wp\/v2\/comments?post=76959"}],"version-history":[{"count":1,"href":"https:\/\/www.actualidadadiario.com\/index.php\/wp-json\/wp\/v2\/posts\/76959\/revisions"}],"predecessor-version":[{"id":76961,"href":"https:\/\/www.actualidadadiario.com\/index.php\/wp-json\/wp\/v2\/posts\/76959\/revisions\/76961"}],"wp:featuredmedia":[{"embeddable":true,"href":"https:\/\/www.actualidadadiario.com\/index.php\/wp-json\/wp\/v2\/media\/76960"}],"wp:attachment":[{"href":"https:\/\/www.actualidadadiario.com\/index.php\/wp-json\/wp\/v2\/media?parent=76959"}],"wp:term":[{"taxonomy":"category","embeddable":true,"href":"https:\/\/www.actualidadadiario.com\/index.php\/wp-json\/wp\/v2\/categories?post=76959"},{"taxonomy":"post_tag","embeddable":true,"href":"https:\/\/www.actualidadadiario.com\/index.php\/wp-json\/wp\/v2\/tags?post=76959"}],"curies":[{"name":"wp","href":"https:\/\/api.w.org\/{rel}","templated":true}]}}