{"id":76951,"date":"2021-08-25T14:24:24","date_gmt":"2021-08-25T17:24:24","guid":{"rendered":"https:\/\/www.actualidadadiario.com\/?p=76951"},"modified":"2021-08-25T14:24:24","modified_gmt":"2021-08-25T17:24:24","slug":"nuevos-edificios-lugares-y-sitios-se-sumaron-a-los-bienes-patrimoniales-de-la-provincia","status":"publish","type":"post","link":"https:\/\/www.actualidadadiario.com\/index.php\/2021\/08\/25\/nuevos-edificios-lugares-y-sitios-se-sumaron-a-los-bienes-patrimoniales-de-la-provincia\/","title":{"rendered":"Nuevos edificios, lugares y sitios se sumaron a los bienes patrimoniales de la provincia"},"content":{"rendered":"<p style=\"text-align: center;\"><em><strong>La Secretar\u00eda de Cultura, a trav\u00e9s del \u00c1rea Patrimonio Cultural y Ambiental, actualiz\u00f3 e incorpor\u00f3 nuevos bienes al inventario del Patrimonio Hist\u00f3rico-Arquitect\u00f3nico entrerriano<\/strong><\/em><\/p>\n<p>&nbsp;<\/p>\n<p>&nbsp;<\/p>\n<p>En el periodo de pandemia se sumaron seis bienes para su valoraci\u00f3n, preservaci\u00f3n, conservaci\u00f3n y protecci\u00f3n.<\/p>\n<p>El \u00c1rea Patrimonio Cultural y Ambiental tiene la misi\u00f3n de investigar, catalogar y difundir el patrimonio material e inmaterial provincial. Durante el per\u00edodo en el que se desarroll\u00f3 la pandemia por Covid 19, esta \u00e1rea dependiente de la cartera de Cultura y autoridad de aplicaci\u00f3n, se aboc\u00f3 a catalogar seis sitios para incorporar al inventario.<\/p>\n<p>El Inventario del Patrimonio Hist\u00f3rico-Arquitect\u00f3nico, es un registro de 600 \u00e1reas y edificios tanto p\u00fablicos como privados, registrados a trav\u00e9s del Decreto N\u00ba 6.676\/03; estos bienes se preservan integralmente conservando as\u00ed la identidad de los mismos. Como tambi\u00e9n lo indica la norma legal de su creaci\u00f3n, el inventario debe actualizarse mediante el relevamiento del patrimonio edilicio a trav\u00e9s de un Instructivo de Declaratoria.<\/p>\n<p>En pandemia, desde comienzos del 2020, hasta la fecha se han sumado: el Naranjal de Pereda, de Concordia; el Rancho La Fonda y la Estancia Don Eusebio, de Maci\u00e1; el Predio del Ferrocarril y el Museo de la Ciudad, de Bovril; y la Vivienda de la Dra. Teresa Ratto, ubicada en Concepci\u00f3n del Uruguay.<\/p>\n<p>Para ser declarado patrimonio e integrar el registro el \u00c1rea Patrimonio Cultural y Ambiental se cerciora de que los bienes re\u00fanan los atributos para su declaratoria, que son: antig\u00fcedad, representatividad (de un momento, de un autor, de una funci\u00f3n espec\u00edfica, etc.), integridad (mantenerse sin modificaciones en el tiempo, sin agregados ni sustracciones importantes, etc.), autenticidad (no falsea la realidad del per\u00edodo en que fue realizado) u otros. Tambi\u00e9n se constata si la propiedad es valorada por su comunidad; si fue propiedad de o si all\u00ed vivi\u00f3 una personalidad reconocida; si fue realizada por alg\u00fan artista, arquitecto o constructor relevante; si fue sede de alg\u00fan evento de trascendencia local. Con los datos provistos por los solicitantes, el \u00c1rea eval\u00faa la pertinencia, determina la necesidad del relevamiento t\u00e9cnico in situ y, por \u00faltimo, elabora el argumento para integrar el inventario.<\/p>\n<p>Cabe destacar que los relevamientos in situ implican tambi\u00e9n relevamientos fotogr\u00e1ficos, para catalogar las patolog\u00edas de los edificios, y se procura que los mismos mantengan su identidad arquitect\u00f3nica, la zonificaci\u00f3n, los espacios originales, no solo en la fachada sino tambi\u00e9n en los interiores.<\/p>\n<p>Se indic\u00f3 que, adem\u00e1s, se incorpor\u00f3 la vivienda del Dr. Domingo Liotta a trav\u00e9s de la Ley Provincial N\u00ba 10.784. All\u00ed se determina que el inmueble es patrimonio hist\u00f3rico arquitect\u00f3nico.<\/p>\n","protected":false},"excerpt":{"rendered":"<p>La Secretar\u00eda de Cultura, a trav\u00e9s del \u00c1rea Patrimonio Cultural y Ambiental, actualiz\u00f3 e incorpor\u00f3 nuevos bienes al inventario del Patrimonio Hist\u00f3rico-Arquitect\u00f3nico entrerriano &nbsp; &nbsp; En el periodo de pandemia se sumaron seis bienes para su valoraci\u00f3n, preservaci\u00f3n, conservaci\u00f3n y protecci\u00f3n. El \u00c1rea Patrimonio Cultural y Ambiental tiene la misi\u00f3n de investigar, catalogar y difundir el patrimonio material e inmaterial provincial. Durante el per\u00edodo en el que se desarroll\u00f3 la pandemia por Covid 19, esta \u00e1rea dependiente de la cartera de Cultura y autoridad de aplicaci\u00f3n, se aboc\u00f3 a catalogar&#8230;<\/p>\n","protected":false},"author":3,"featured_media":76952,"comment_status":"closed","ping_status":"closed","sticky":false,"template":"","format":"standard","meta":[],"categories":[15],"tags":[],"_links":{"self":[{"href":"https:\/\/www.actualidadadiario.com\/index.php\/wp-json\/wp\/v2\/posts\/76951"}],"collection":[{"href":"https:\/\/www.actualidadadiario.com\/index.php\/wp-json\/wp\/v2\/posts"}],"about":[{"href":"https:\/\/www.actualidadadiario.com\/index.php\/wp-json\/wp\/v2\/types\/post"}],"author":[{"embeddable":true,"href":"https:\/\/www.actualidadadiario.com\/index.php\/wp-json\/wp\/v2\/users\/3"}],"replies":[{"embeddable":true,"href":"https:\/\/www.actualidadadiario.com\/index.php\/wp-json\/wp\/v2\/comments?post=76951"}],"version-history":[{"count":1,"href":"https:\/\/www.actualidadadiario.com\/index.php\/wp-json\/wp\/v2\/posts\/76951\/revisions"}],"predecessor-version":[{"id":76953,"href":"https:\/\/www.actualidadadiario.com\/index.php\/wp-json\/wp\/v2\/posts\/76951\/revisions\/76953"}],"wp:featuredmedia":[{"embeddable":true,"href":"https:\/\/www.actualidadadiario.com\/index.php\/wp-json\/wp\/v2\/media\/76952"}],"wp:attachment":[{"href":"https:\/\/www.actualidadadiario.com\/index.php\/wp-json\/wp\/v2\/media?parent=76951"}],"wp:term":[{"taxonomy":"category","embeddable":true,"href":"https:\/\/www.actualidadadiario.com\/index.php\/wp-json\/wp\/v2\/categories?post=76951"},{"taxonomy":"post_tag","embeddable":true,"href":"https:\/\/www.actualidadadiario.com\/index.php\/wp-json\/wp\/v2\/tags?post=76951"}],"curies":[{"name":"wp","href":"https:\/\/api.w.org\/{rel}","templated":true}]}}