{"id":76948,"date":"2021-08-25T14:23:38","date_gmt":"2021-08-25T17:23:38","guid":{"rendered":"https:\/\/www.actualidadadiario.com\/?p=76948"},"modified":"2021-08-25T14:23:38","modified_gmt":"2021-08-25T17:23:38","slug":"bordet-analizo-con-la-ministra-de-salud-la-situacion-epidemiologica-y-la-inversion-en-el-sistema-de-salud","status":"publish","type":"post","link":"https:\/\/www.actualidadadiario.com\/index.php\/2021\/08\/25\/bordet-analizo-con-la-ministra-de-salud-la-situacion-epidemiologica-y-la-inversion-en-el-sistema-de-salud\/","title":{"rendered":"Bordet analiz\u00f3 con la ministra de Salud la situaci\u00f3n epidemiol\u00f3gica y la inversi\u00f3n en el sistema de salud"},"content":{"rendered":"<p style=\"text-align: center;\"><em><strong>El gobernador, Gustavo Bordet, abord\u00f3 junto a la ministra de Salud, Sonia Vel\u00e1zquez, la situaci\u00f3n epidemiol\u00f3gica actual, el desarrollo del Plan Rector de Vacunaci\u00f3n y la inversi\u00f3n en el sistema sanitario<\/strong><\/em><\/p>\n<p>&nbsp;<\/p>\n<p>&nbsp;<\/p>\n<p>\u201cLa marcha de la vacunaci\u00f3n es muy importante y se hizo una inversi\u00f3n millonaria en materia sanitaria, equipamiento e insumos\u201d, asegur\u00f3 la funcionaria.<\/p>\n<p>&#8220;Los principios que nos rigen para atender la salud de la poblaci\u00f3n, como han sido la accesibilidad, la inclusi\u00f3n y la garant\u00eda de un derecho humano esencial han estado en la agenda principal de nuestro gobernador, y tambi\u00e9n con un equipo de salud muy comprometido y sensibilizado y que ha demostrado, no solamente una experticia, sino tambi\u00e9n un compromiso muy solidario en materia sanitaria para desarrollar sus pr\u00e1cticas con calidad prestacional y con una visi\u00f3n y un paradigma humanizado de la atenci\u00f3n de las personas&#8221;, afirm\u00f3 Vel\u00e1zquez luego del encuentro de trabajo.<\/p>\n<p>&#8220;La marcha del Plan Rector de Vacunaci\u00f3n es muy importante. En este momento, se lleva un porcentaje de inoculaci\u00f3n de m\u00e1s del 90 por ciento en personas mayores de 50 a\u00f1os con primeras dosis, y se est\u00e1 cumplimentando la meta establecida por Naci\u00f3n de llegar a m\u00e1s del 55 por ciento de las personas mayores de 50 a\u00f1os vacunadas con esquema completo. Esto es un prop\u00f3sito que hemos venido trabajando a nivel nacional con una concepci\u00f3n de la red federal de salud y la decisi\u00f3n pol\u00edtica de nuestros gobernadores, en este caso, el gobernador Bordet, de poder llevar adelante un plan rector de vacunaci\u00f3n como el que se est\u00e1 desarrollando hasta la fecha&#8221;, remarc\u00f3.<\/p>\n<p>Consultada sobre la agenda tratada con el mandatario, la ministra precis\u00f3 que \u201cse analiz\u00f3 la situaci\u00f3n epidemiol\u00f3gica actual, el comportamiento de la ocupaci\u00f3n camas UTI en la provincia, el Plan Rector de Vacunaci\u00f3n y los desaf\u00edos de las pr\u00f3ximas semanas. Tambi\u00e9n se hizo un repaso de la red sanitaria a nivel de la sustentabilidad del componente de recurso financiero, evaluando el presupuesto 2021 y la proyecci\u00f3n de lo que estamos ejecutando hasta la fecha\u201d, acot\u00f3.<\/p>\n<p>Asimismo, dijo que hicieron \u201cun repaso de las obras de infraestructura pendientes para el sector salud; y se le dedic\u00f3 tambi\u00e9n un cap\u00edtulo al talento humano en relaci\u00f3n a la situaci\u00f3n de recursos humanos que componen las distintas unidades de la red sanitaria de salud\u201d.<\/p>\n<p>Dicho esto, advirti\u00f3 que &#8220;se est\u00e1 muy atento a las variantes, sobre todo a las que est\u00e1n todav\u00eda con transmisi\u00f3n comunitaria. Decimos que no estamos en riesgo cero de pandemia, si no que estamos muy alertas y atentos, y seguimos indicando a la ciudadan\u00eda que se tomen los recaudos con las medidas de cuidado, distanciamiento y los elementos de protecci\u00f3n personal, adem\u00e1s de seguir con la vigilancia epidemiol\u00f3gica\u201d.<\/p>\n<p>Vel\u00e1zquez tambi\u00e9n manifest\u00f3 que \u201cen este per\u00edodo de baja de casos es importante reforzar la b\u00fasqueda a tiempo de personas con s\u00edntomas, el aislamiento y el diagn\u00f3stico con test para saber d\u00f3nde est\u00e1 el virus y con qu\u00e9 intensidad est\u00e1 circulando. Es ahora cuando tiene m\u00e1s valor la estrategia de vigilancia epidemiol\u00f3gica\u201d.<\/p>\n<p>Mientras tanto, agreg\u00f3: \u201cDesde el sector Salud nos abocamos a poder recuperar y fortalecer aquellas cirug\u00edas programadas que diferimos en la segunda ola de pandemia, adem\u00e1s de abordar otros ejes program\u00e1ticos como el de la atenci\u00f3n de las enfermedades cr\u00f3nicas no transmisibles, realizar un trabajo de captaci\u00f3n oportuna en el territorio, casa por casa, para realizar el programa de prevenci\u00f3n de c\u00e1ncer de cuello uterino mediante la auto toma del HPV&#8221;.<\/p>\n<p>Luego, indic\u00f3 que &#8220;tambi\u00e9n se est\u00e1 desarrollando con los equipos de Salud el seguimiento de todas estas patolog\u00edas que quedaron un poco m\u00e1s relegadas en tiempo de pandemia, y d\u00e1ndonos una reprogramaci\u00f3n al retomar los ejes del Plan Federal de Salud\u201d.<\/p>\n<p>En ese marco, la ministra dijo que \u201cnos sentimos satisfechos de los avances logrados en esta etapa, destacando que llevamos ejecutado casi el 88 por ciento del Presupuesto 2021 y hemos contado con todos los refuerzos suficientes para desarrollar una inversi\u00f3n millonaria en materia sanitaria, que no se recuerde en a\u00f1os, en lo que hace a equipamiento y a insumos\u201d.<\/p>\n<p>Seguidamente, consider\u00f3 que \u201cesto es un esfuerzo muy importante en materia presupuestaria, pero tambi\u00e9n marca fuertemente una decisi\u00f3n pol\u00edtica elemental de nuestro gobernador de poner en agenda un componente tan esencial que ha quedado a la vista de toda la ciudadan\u00eda de la importancia que marc\u00f3 en esta etapa y est\u00e1 marcando la pandemia&#8221;.<\/p>\n<p>Se\u00f1al\u00f3 que &#8220;de nuestra parte seguimos con la vigilancia epidemiol\u00f3gica activa, detectando y desarrollando este monitoreo, como asimismo el seguimiento de las personas que contraen Covid, pero con una esperanza muy abierta, que es la de estar pudiendo desarrollar el Plan Rector de Vacunaci\u00f3n con un porcentaje alt\u00edsimo de cobertura. Esto es lo que marca la esperanza para poder ir recuperando actividades y una normalidad, pero con lecciones aprendidas en las etapas en las que el virus est\u00e1 encendido&#8221;.<\/p>\n<p>&#8220;Vamos a seguir trabajando con la ciudadan\u00eda y con nuestra red sanitaria, acompa\u00f1ando estos procesos con nuestros equipos de salud que d\u00eda a d\u00eda siguen desarrollando acciones de trabajo con mucho compromiso, como lo han venido haciendo desde hace m\u00e1s de un a\u00f1o y medio ininterrumpido en esta etapa de pandemia&#8221;, subray\u00f3.<\/p>\n<p>Por otro lado, coment\u00f3 que con el mandatario se hizo &#8220;un repaso de la red de servicios de salud, tanto del primer nivel de atenci\u00f3n como de la red hospitalaria. En esta etapa se hicieron refuerzos de obras de infraestructura en general\u201d.<\/p>\n<p>En lo concerniente al tema de recursos humanos, precis\u00f3 que &#8220;estamos haciendo una revisi\u00f3n de la situaci\u00f3n de las plantas \u00f3ptimas de nuestros hospitales y centros de salud; y estuvimos monitoreando c\u00f3mo fue el comportamiento en aquellos efectores en los que necesitamos incorporar refuerzos y el fortalecimiento de recursos humanos para poder cumplimentar la etapa de pandemia, pero tambi\u00e9n poder atender lo no Covid\u201d.<\/p>\n","protected":false},"excerpt":{"rendered":"<p>El gobernador, Gustavo Bordet, abord\u00f3 junto a la ministra de Salud, Sonia Vel\u00e1zquez, la situaci\u00f3n epidemiol\u00f3gica actual, el desarrollo del Plan Rector de Vacunaci\u00f3n y la inversi\u00f3n en el sistema sanitario &nbsp; &nbsp; \u201cLa marcha de la vacunaci\u00f3n es muy importante y se hizo una inversi\u00f3n millonaria en materia sanitaria, equipamiento e insumos\u201d, asegur\u00f3 la funcionaria. &#8220;Los principios que nos rigen para atender la salud de la poblaci\u00f3n, como han sido la accesibilidad, la inclusi\u00f3n y la garant\u00eda de un derecho humano esencial han estado en la agenda principal de&#8230;<\/p>\n","protected":false},"author":3,"featured_media":76949,"comment_status":"closed","ping_status":"closed","sticky":false,"template":"","format":"standard","meta":[],"categories":[15],"tags":[],"_links":{"self":[{"href":"https:\/\/www.actualidadadiario.com\/index.php\/wp-json\/wp\/v2\/posts\/76948"}],"collection":[{"href":"https:\/\/www.actualidadadiario.com\/index.php\/wp-json\/wp\/v2\/posts"}],"about":[{"href":"https:\/\/www.actualidadadiario.com\/index.php\/wp-json\/wp\/v2\/types\/post"}],"author":[{"embeddable":true,"href":"https:\/\/www.actualidadadiario.com\/index.php\/wp-json\/wp\/v2\/users\/3"}],"replies":[{"embeddable":true,"href":"https:\/\/www.actualidadadiario.com\/index.php\/wp-json\/wp\/v2\/comments?post=76948"}],"version-history":[{"count":1,"href":"https:\/\/www.actualidadadiario.com\/index.php\/wp-json\/wp\/v2\/posts\/76948\/revisions"}],"predecessor-version":[{"id":76950,"href":"https:\/\/www.actualidadadiario.com\/index.php\/wp-json\/wp\/v2\/posts\/76948\/revisions\/76950"}],"wp:featuredmedia":[{"embeddable":true,"href":"https:\/\/www.actualidadadiario.com\/index.php\/wp-json\/wp\/v2\/media\/76949"}],"wp:attachment":[{"href":"https:\/\/www.actualidadadiario.com\/index.php\/wp-json\/wp\/v2\/media?parent=76948"}],"wp:term":[{"taxonomy":"category","embeddable":true,"href":"https:\/\/www.actualidadadiario.com\/index.php\/wp-json\/wp\/v2\/categories?post=76948"},{"taxonomy":"post_tag","embeddable":true,"href":"https:\/\/www.actualidadadiario.com\/index.php\/wp-json\/wp\/v2\/tags?post=76948"}],"curies":[{"name":"wp","href":"https:\/\/api.w.org\/{rel}","templated":true}]}}