{"id":76946,"date":"2021-08-25T13:08:09","date_gmt":"2021-08-25T16:08:09","guid":{"rendered":"https:\/\/www.actualidadadiario.com\/?p=76946"},"modified":"2021-08-25T13:08:09","modified_gmt":"2021-08-25T16:08:09","slug":"el-presidente-continua-la-recorrida-por-el-interior-del-pais-con-una-visita-esta-tarde-a-catamarca","status":"publish","type":"post","link":"https:\/\/www.actualidadadiario.com\/index.php\/2021\/08\/25\/el-presidente-continua-la-recorrida-por-el-interior-del-pais-con-una-visita-esta-tarde-a-catamarca\/","title":{"rendered":"El Presidente contin\u00faa la recorrida por el interior del pa\u00eds con una visita esta tarde a Catamarca"},"content":{"rendered":"<p><em><strong>El lunes estuvo en San Juan y el pr\u00f3ximo viernes ir\u00e1 a La Pampa<\/strong><\/em><\/p>\n<p>&nbsp;<\/p>\n<p>&nbsp;<\/p>\n<p>El presidente Alberto Fern\u00e1ndez visita esta tarde la provincia de Catamarca, donde realizar\u00e1 una recorrida por la empresa textil Confecat S.A., l\u00edder en la elaboraci\u00f3n nacional de ropa y calzado de trabajo, y participar\u00e1 junto al gobernador Ra\u00fal Jalil del acto oficial en conmemoraci\u00f3n del bicentenario de la autonom\u00eda de la provincia.<\/p>\n<p>Antes de asistir a la ceremonia por la celebraci\u00f3n de los 200 a\u00f1os del Cabildo Abierto en el que Catamarca declar\u00f3 su autonom\u00eda, a las 18, Fern\u00e1ndez recorrer\u00e1 las instalaciones de la planta textil junto al due\u00f1o de la firma y presidente de la Uni\u00f3n Industrial provincial, Carlos Muia, quien es propietario de cuatro plantas textiles en el norte del pa\u00eds y genera trabajo para m\u00e1s de 1.600 operarios.<\/p>\n<p>El empresario adquiri\u00f3 recientemente el 45% de Santista Argentina \u2013ex Grandes F\u00e1bricas Argentinas (Grafa), el principal productor de denim y ropa de trabajo del pa\u00eds que a su vez posee la marca tradicional Omb\u00fa; y recuper\u00f3 tambi\u00e9n Confecciones Riojanas, que hab\u00eda cerrado en 2019 y ya reinici\u00f3 su producci\u00f3n bajo el nombre Confelar.<\/p>\n<p>El mandatario realizar\u00e1 estas actividades en el marco de la recorrida por el interior que comenz\u00f3 el lunes de esta semana en San Juan, donde junto al gobernador Sergio U\u00f1ac visit\u00f3 una empresa textil y el lugar donde se construyen m\u00e1s de 800 viviendas para las familias afectadas por el sismo registrado en enero pasado en esa provincia cuyana.<\/p>\n<p>Este viernes, en tanto, el Presidente continuar\u00e1 su agenda federal en la provincia de La Pampa.<\/p>\n","protected":false},"excerpt":{"rendered":"<p>El lunes estuvo en San Juan y el pr\u00f3ximo viernes ir\u00e1 a La Pampa &nbsp; &nbsp; El presidente Alberto Fern\u00e1ndez visita esta tarde la provincia de Catamarca, donde realizar\u00e1 una recorrida por la empresa textil Confecat S.A., l\u00edder en la elaboraci\u00f3n nacional de ropa y calzado de trabajo, y participar\u00e1 junto al gobernador Ra\u00fal Jalil del acto oficial en conmemoraci\u00f3n del bicentenario de la autonom\u00eda de la provincia. Antes de asistir a la ceremonia por la celebraci\u00f3n de los 200 a\u00f1os del Cabildo Abierto en el que Catamarca declar\u00f3 su&#8230;<\/p>\n","protected":false},"author":3,"featured_media":75086,"comment_status":"closed","ping_status":"closed","sticky":false,"template":"","format":"standard","meta":[],"categories":[18],"tags":[],"_links":{"self":[{"href":"https:\/\/www.actualidadadiario.com\/index.php\/wp-json\/wp\/v2\/posts\/76946"}],"collection":[{"href":"https:\/\/www.actualidadadiario.com\/index.php\/wp-json\/wp\/v2\/posts"}],"about":[{"href":"https:\/\/www.actualidadadiario.com\/index.php\/wp-json\/wp\/v2\/types\/post"}],"author":[{"embeddable":true,"href":"https:\/\/www.actualidadadiario.com\/index.php\/wp-json\/wp\/v2\/users\/3"}],"replies":[{"embeddable":true,"href":"https:\/\/www.actualidadadiario.com\/index.php\/wp-json\/wp\/v2\/comments?post=76946"}],"version-history":[{"count":1,"href":"https:\/\/www.actualidadadiario.com\/index.php\/wp-json\/wp\/v2\/posts\/76946\/revisions"}],"predecessor-version":[{"id":76947,"href":"https:\/\/www.actualidadadiario.com\/index.php\/wp-json\/wp\/v2\/posts\/76946\/revisions\/76947"}],"wp:featuredmedia":[{"embeddable":true,"href":"https:\/\/www.actualidadadiario.com\/index.php\/wp-json\/wp\/v2\/media\/75086"}],"wp:attachment":[{"href":"https:\/\/www.actualidadadiario.com\/index.php\/wp-json\/wp\/v2\/media?parent=76946"}],"wp:term":[{"taxonomy":"category","embeddable":true,"href":"https:\/\/www.actualidadadiario.com\/index.php\/wp-json\/wp\/v2\/categories?post=76946"},{"taxonomy":"post_tag","embeddable":true,"href":"https:\/\/www.actualidadadiario.com\/index.php\/wp-json\/wp\/v2\/tags?post=76946"}],"curies":[{"name":"wp","href":"https:\/\/api.w.org\/{rel}","templated":true}]}}