{"id":76940,"date":"2021-08-25T13:05:59","date_gmt":"2021-08-25T16:05:59","guid":{"rendered":"https:\/\/www.actualidadadiario.com\/?p=76940"},"modified":"2021-08-25T13:05:59","modified_gmt":"2021-08-25T16:05:59","slug":"oficializan-la-renuncia-de-tolosa-paz-a-su-cargo-publico-y-nombran-a-su-reemplazante","status":"publish","type":"post","link":"https:\/\/www.actualidadadiario.com\/index.php\/2021\/08\/25\/oficializan-la-renuncia-de-tolosa-paz-a-su-cargo-publico-y-nombran-a-su-reemplazante\/","title":{"rendered":"Oficializan la renuncia de Tolosa Paz a su cargo p\u00fablico y nombran a su reemplazante"},"content":{"rendered":"<p style=\"text-align: center;\"><em><strong>El Gobierno oficializ\u00f3 la renuncia de Victoria Tolosa Paz como presidenta del Consejo Nacional de Coordinaci\u00f3n de Pol\u00edticas Sociales y nombr\u00f3 a Marisol Merquel en ese cargo<\/strong><\/em><\/p>\n<p>&nbsp;<\/p>\n<p>&nbsp;<\/p>\n<p>El Gobierno oficializ\u00f3 hoy la aceptaci\u00f3n de la renuncia de Victoria Tolosa Paz como presidenta del Consejo Nacional de Coordinaci\u00f3n de Pol\u00edticas Sociales, para dedicarse a la campa\u00f1a electoral como precandidata a diputada nacional del Frente de Todos por la provincia de Buenos Aires, y design\u00f3 en ese cargo a Marisol Merquel.<\/p>\n<p>Por medio del decreto 557, publicado en el Bolet\u00edn Oficial y firmado por el presidente Alberto Fern\u00e1ndez y el jefe del Gabinete, Santiago Cafiero, se confirm\u00f3 as\u00ed la salida del Ejecutivo de Tolosa Paz, y su reemplazo por la legisladora bonaerense Merquel.<\/p>\n<p>Tolosa Paz hab\u00eda presentado su renuncia el \u00faltimo 30 de julio. En el decreto publicado se agradece &#8220;a la funcionaria renunciante los valiosos servicios prestados en el desempe\u00f1o de su cargo&#8221;.<\/p>\n<p>&nbsp;<\/p>\n<p><strong>\u00bfQui\u00e9n reemplaza a Tolosa Paz?<\/strong><\/p>\n<p>Merquel, la nueva titular del Consejo Nacional de Coordinaci\u00f3n de Pol\u00edticas Sociales desde el viernes pasado, naci\u00f3 en Pig\u00fc\u00e9 y desde 2013 es diputada bonaerense por la sexta secci\u00f3n electoral.<\/p>\n<p>Entre 2017 y 2019, fue vicepresidenta de la C\u00e1mara baja provincial y lleg\u00f3 a ser la titular de ese cuerpo legislativo.<\/p>\n<p>Docente, Merquel se\u00f1ala en su p\u00e1gina web que se involucr\u00f3 en pol\u00edtica &#8220;motivada por causas sociales vinculadas con la educaci\u00f3n, la salud y el desarrollo de las instituciones de la sociedad civil&#8221;.<\/p>\n","protected":false},"excerpt":{"rendered":"<p>El Gobierno oficializ\u00f3 la renuncia de Victoria Tolosa Paz como presidenta del Consejo Nacional de Coordinaci\u00f3n de Pol\u00edticas Sociales y nombr\u00f3 a Marisol Merquel en ese cargo &nbsp; &nbsp; El Gobierno oficializ\u00f3 hoy la aceptaci\u00f3n de la renuncia de Victoria Tolosa Paz como presidenta del Consejo Nacional de Coordinaci\u00f3n de Pol\u00edticas Sociales, para dedicarse a la campa\u00f1a electoral como precandidata a diputada nacional del Frente de Todos por la provincia de Buenos Aires, y design\u00f3 en ese cargo a Marisol Merquel. Por medio del decreto 557, publicado en el Bolet\u00edn&#8230;<\/p>\n","protected":false},"author":3,"featured_media":76941,"comment_status":"closed","ping_status":"closed","sticky":false,"template":"","format":"standard","meta":[],"categories":[18],"tags":[],"_links":{"self":[{"href":"https:\/\/www.actualidadadiario.com\/index.php\/wp-json\/wp\/v2\/posts\/76940"}],"collection":[{"href":"https:\/\/www.actualidadadiario.com\/index.php\/wp-json\/wp\/v2\/posts"}],"about":[{"href":"https:\/\/www.actualidadadiario.com\/index.php\/wp-json\/wp\/v2\/types\/post"}],"author":[{"embeddable":true,"href":"https:\/\/www.actualidadadiario.com\/index.php\/wp-json\/wp\/v2\/users\/3"}],"replies":[{"embeddable":true,"href":"https:\/\/www.actualidadadiario.com\/index.php\/wp-json\/wp\/v2\/comments?post=76940"}],"version-history":[{"count":1,"href":"https:\/\/www.actualidadadiario.com\/index.php\/wp-json\/wp\/v2\/posts\/76940\/revisions"}],"predecessor-version":[{"id":76942,"href":"https:\/\/www.actualidadadiario.com\/index.php\/wp-json\/wp\/v2\/posts\/76940\/revisions\/76942"}],"wp:featuredmedia":[{"embeddable":true,"href":"https:\/\/www.actualidadadiario.com\/index.php\/wp-json\/wp\/v2\/media\/76941"}],"wp:attachment":[{"href":"https:\/\/www.actualidadadiario.com\/index.php\/wp-json\/wp\/v2\/media?parent=76940"}],"wp:term":[{"taxonomy":"category","embeddable":true,"href":"https:\/\/www.actualidadadiario.com\/index.php\/wp-json\/wp\/v2\/categories?post=76940"},{"taxonomy":"post_tag","embeddable":true,"href":"https:\/\/www.actualidadadiario.com\/index.php\/wp-json\/wp\/v2\/tags?post=76940"}],"curies":[{"name":"wp","href":"https:\/\/api.w.org\/{rel}","templated":true}]}}