{"id":76938,"date":"2021-08-25T13:05:03","date_gmt":"2021-08-25T16:05:03","guid":{"rendered":"https:\/\/www.actualidadadiario.com\/?p=76938"},"modified":"2021-08-25T13:05:03","modified_gmt":"2021-08-25T16:05:03","slug":"debut-de-un-ministro-en-el-gabinete-economico","status":"publish","type":"post","link":"https:\/\/www.actualidadadiario.com\/index.php\/2021\/08\/25\/debut-de-un-ministro-en-el-gabinete-economico\/","title":{"rendered":"Debut de un ministro en el gabinete econ\u00f3mico"},"content":{"rendered":"<p style=\"text-align: center;\"><em><strong>El Gobierno analizar\u00e1 el impacto de las medidas econ\u00f3micas lanzadas en las \u00faltimas semanas para mejorar el bolsillo de los trabajadores. Ser\u00e1 clave el rol que ocupar\u00e1 el nuevo miembro del Gabinete<\/strong><\/em><\/p>\n<p>&nbsp;<\/p>\n<p>&nbsp;<\/p>\n<p>&nbsp;<\/p>\n<p>Una nueva reuni\u00f3n de gabinete econ\u00f3mico ser\u00e1 encabezada por el jefe de ministros, Santiago Cafiero, en la Casa Rosada. El equipo econ\u00f3mico de Alberto Fern\u00e1ndez volver\u00e1 a reunirse como lo hace de manera semanal para analizar los indicadores econ\u00f3micos de la gesti\u00f3n.<\/p>\n<p>El encuentro comenzar\u00e1 a las 10.30 en el Sal\u00f3n de los Cient\u00edficos ubicado en el primer piso del edificio de Balcarce 50.<\/p>\n<p>La novedad en el c\u00f3nclave de todos los mi\u00e9rcoles es la incorporaci\u00f3n del flamante ministro de Desarrollo Social, Juan Zabaleta. Su antecesor, Daniel Arroyo, lleg\u00f3 a participar de las primeras reuniones pero luego qued\u00f3 afuera de la mesa.<\/p>\n<p>Tambi\u00e9n se sumar\u00e1n la vicejefa de Gabinete, Cecilia Todesca; los ministros de Econom\u00eda, Mart\u00edn Guzm\u00e1n; de Desarrollo Productivo, Mat\u00edas Kulfas; y de Trabajo, Claudio Moroni. Y el presidente del Banco Central, Miguel Pesce, y la directora de la AFIP, Mercedes Marc\u00f3 del Pont.<\/p>\n<p>El ingreso de Zabaleta a la reuni\u00f3n de gabinete econ\u00f3mico genera una panorama de pesimismo para los sectores populares que reclaman un aumento en los planes y trabajo genuino.<\/p>\n<p>&nbsp;<\/p>\n<p><strong>Medidas econ\u00f3micas en campa\u00f1a: elecciones 2021<\/strong><\/p>\n<p>Cuando faltan 18 d\u00edas para las PASO, el Gobierno necesita mostrar n\u00fameros positivos de la recuperaci\u00f3n de la econom\u00eda. En plena campa\u00f1a electoral, el equipo econ\u00f3mico debe mantener el nivel del precio del d\u00f3lar y sobre todo controlar la inflaci\u00f3n.<\/p>\n<p>El Gobierno lanz\u00f3 en las \u00faltimas semanas varias iniciativas con el fin de incentivar el consumo -el Ahora 30, Previaje, cr\u00e9ditos para monotributistas- pero no logra bajar el \u00edndice de precios que est\u00e1 clavado encima del 3%. Adem\u00e1s se acompa\u00f1\u00f3 con un ajuste en las paritarias, el bono de 5000 pesos para los jubilados, y financiamiento para las pymes.<\/p>\n<p>La situaci\u00f3n de la crisis que trajo la pandemia no tendr\u00e1 una soluci\u00f3n inmediata, aseguran desde el Ejecutivo. Por eso comenz\u00f3 a hablarse de un proceso de gesti\u00f3n de ocho a\u00f1os de Alberto Fern\u00e1ndez.<\/p>\n<p>Desde el Ejecutivo reconocen la necesidad de mejorar la situaci\u00f3n de los sectores golpeados econ\u00f3micamente con el fin de reconquistar al votante enojado. Por eso se pusieron en marcha medidas para beneficiar a las clases media y baja, en la que se incluyeron a los cambios en el Impuesto a las Ganancias.<\/p>\n<p>Dentro de las promesas de campa\u00f1a, el oficialismo insiste en que \u201clos salarios deben ganarle a la inflaci\u00f3n\u201d. En consecuencia adelant\u00f3 el aumento del Salario M\u00ednimo Vital y M\u00f3vil a 29.160 pesos que se va a pagar en septiembre para mejorar el poder adquisitivo de los que perciben ese ingreso.<\/p>\n<p>La gran mayor\u00eda de las paritarias reajustaron las subas salariales previstas para este a\u00f1o. Los empleados de la administraci\u00f3n p\u00fablica lograron un piso de aumento de 40% pero para las categor\u00edas m\u00e1s bajas llegar\u00e1n al 53%.<\/p>\n","protected":false},"excerpt":{"rendered":"<p>El Gobierno analizar\u00e1 el impacto de las medidas econ\u00f3micas lanzadas en las \u00faltimas semanas para mejorar el bolsillo de los trabajadores. Ser\u00e1 clave el rol que ocupar\u00e1 el nuevo miembro del Gabinete &nbsp; &nbsp; &nbsp; Una nueva reuni\u00f3n de gabinete econ\u00f3mico ser\u00e1 encabezada por el jefe de ministros, Santiago Cafiero, en la Casa Rosada. El equipo econ\u00f3mico de Alberto Fern\u00e1ndez volver\u00e1 a reunirse como lo hace de manera semanal para analizar los indicadores econ\u00f3micos de la gesti\u00f3n. El encuentro comenzar\u00e1 a las 10.30 en el Sal\u00f3n de los Cient\u00edficos ubicado&#8230;<\/p>\n","protected":false},"author":3,"featured_media":76612,"comment_status":"closed","ping_status":"closed","sticky":false,"template":"","format":"standard","meta":[],"categories":[18],"tags":[],"_links":{"self":[{"href":"https:\/\/www.actualidadadiario.com\/index.php\/wp-json\/wp\/v2\/posts\/76938"}],"collection":[{"href":"https:\/\/www.actualidadadiario.com\/index.php\/wp-json\/wp\/v2\/posts"}],"about":[{"href":"https:\/\/www.actualidadadiario.com\/index.php\/wp-json\/wp\/v2\/types\/post"}],"author":[{"embeddable":true,"href":"https:\/\/www.actualidadadiario.com\/index.php\/wp-json\/wp\/v2\/users\/3"}],"replies":[{"embeddable":true,"href":"https:\/\/www.actualidadadiario.com\/index.php\/wp-json\/wp\/v2\/comments?post=76938"}],"version-history":[{"count":1,"href":"https:\/\/www.actualidadadiario.com\/index.php\/wp-json\/wp\/v2\/posts\/76938\/revisions"}],"predecessor-version":[{"id":76939,"href":"https:\/\/www.actualidadadiario.com\/index.php\/wp-json\/wp\/v2\/posts\/76938\/revisions\/76939"}],"wp:featuredmedia":[{"embeddable":true,"href":"https:\/\/www.actualidadadiario.com\/index.php\/wp-json\/wp\/v2\/media\/76612"}],"wp:attachment":[{"href":"https:\/\/www.actualidadadiario.com\/index.php\/wp-json\/wp\/v2\/media?parent=76938"}],"wp:term":[{"taxonomy":"category","embeddable":true,"href":"https:\/\/www.actualidadadiario.com\/index.php\/wp-json\/wp\/v2\/categories?post=76938"},{"taxonomy":"post_tag","embeddable":true,"href":"https:\/\/www.actualidadadiario.com\/index.php\/wp-json\/wp\/v2\/tags?post=76938"}],"curies":[{"name":"wp","href":"https:\/\/api.w.org\/{rel}","templated":true}]}}