{"id":76935,"date":"2021-08-25T13:04:06","date_gmt":"2021-08-25T16:04:06","guid":{"rendered":"https:\/\/www.actualidadadiario.com\/?p=76935"},"modified":"2021-08-25T13:04:06","modified_gmt":"2021-08-25T16:04:06","slug":"el-gobierno-creo-un-ente-para-controlar-la-prestacion-de-los-servicios-en-la-hidrovia","status":"publish","type":"post","link":"https:\/\/www.actualidadadiario.com\/index.php\/2021\/08\/25\/el-gobierno-creo-un-ente-para-controlar-la-prestacion-de-los-servicios-en-la-hidrovia\/","title":{"rendered":"El Gobierno cre\u00f3 un ente para controlar la prestaci\u00f3n de los servicios en la Hidrov\u00eda"},"content":{"rendered":"<p style=\"text-align: center;\"><em><strong>El organismo deber\u00e1 fiscalizar el funcionamiento de la v\u00eda navegable Paraguay- Paran\u00e1. Su sede estar\u00e1 en Rosario y contar\u00e1 con un Consejo Directivo de 15 miembros que tendr\u00e1n car\u00e1cter &#8220;ad honorem&#8221; y ser\u00e1n designados por el Poder Ejecutivo<\/strong><\/em><\/p>\n<p>&nbsp;<\/p>\n<p>&nbsp;<\/p>\n<p>El Gobierno cre\u00f3 el Ente Nacional de Control y Gesti\u00f3n de la V\u00eda Navegable, que tendr\u00e1 la misi\u00f3n de velar por la calidad y adecuada prestaci\u00f3n de los servicios de la Hidrov\u00eda Paraguay-Paran\u00e1, la debida protecci\u00f3n de los usuarios y las usuarias, el resguardo de los bienes de dominio p\u00fablico y privado del Estado y el cumplimiento de las leyes.<\/p>\n<p>&#8220;Siguiendo la visi\u00f3n federal del Presidente (Alberto) Fern\u00e1ndez y con el impulso del Ministro (Alexis) Guerrera, se cre\u00f3 hoy el Ente Nacional de Control y Gesti\u00f3n para garantizar el seguimiento y la fiscalizaci\u00f3n de la prestaci\u00f3n de los servicios que se brinden en la v\u00eda navegable troncal&#8221;, destac\u00f3 un comunicado oficial.<\/p>\n<p>&#8220;Adem\u00e1s de tener la participaci\u00f3n de Buenos Aires, Chaco, Corrientes, Entre R\u00edos, Formosa, Misiones y Santa Fe, el nuevo organismo estatal tendr\u00e1 como sede la ciudad de Rosario, significando la mayor participaci\u00f3n equitativa del sector en la v\u00eda navegable de los \u00faltimos 26 a\u00f1os&#8221;, agreg\u00f3 al respecto el texto difundido por el Ministerio de Transporte.<\/p>\n<p>El \u00f3rgano fue creado a trav\u00e9s del decreto 556\/2021 publicado este mi\u00e9rcoles en el Bolet\u00edn Oficial que determin\u00f3 que el Ente actuar\u00e1 como organismo descentralizado con autarqu\u00eda administrativa, funcional y econ\u00f3mico-financiera en el \u00e1mbito del Ministerio de Transporte, con personer\u00eda jur\u00eddica propia y capacidad para actuar en el \u00e1mbito del derecho p\u00fablico y privado.<\/p>\n<p>El mismo tendr\u00e1 su sede en la ciudad de Rosario, en la provincia de Santa Fe, y fiscalizar\u00e1 el cumplimiento de los reglamentos y los marcos contractuales y regulatorios mediante auditor\u00eda, control, inspecci\u00f3n, regulaci\u00f3n y seguimiento de las materias administrativas, ambientales primarias, econ\u00f3mico-financieras, legales, determinaci\u00f3n y modificaci\u00f3n de traza, tarifarias y t\u00e9cnicas de los contratos de concesi\u00f3n de obra p\u00fablica.<\/p>\n<p>&#8220;A trav\u00e9s del ente se obtendr\u00e1 una mayor participaci\u00f3n de las provincias y del Estado nacional en la formulaci\u00f3n de pol\u00edticas para la v\u00eda navegable&#8221;, se\u00f1al\u00f3 la informaci\u00f3n oficial.<\/p>\n<p>En relaci\u00f3n con los pr\u00f3ximos pasos a seguir, el futuro administrador o administradora general del Ente presentar\u00e1 a la Jefatura de Gabinete de Ministros, a trav\u00e9s del Ministerio de Transporte, el proyecto de estructura organizativa del organismo con un plazo l\u00edmite de 90 d\u00edas.<\/p>\n<p>Asimismo, con la creaci\u00f3n del nuevo ente nacional se lograr\u00e1n objetivos como reducir los costos por tonelada transportada, utilizando la v\u00eda navegable a toda hora durante todo el a\u00f1o, aumentando la seguridad de la navegaci\u00f3n, planificar y desarrollar actividades con menor incertidumbre y promover las inversiones y el desarrollo de emprendimientos alrededor del r\u00edo Paran\u00e1 y del R\u00edo de la Plata.<\/p>\n<p>&#8220;Es importante remarcar que, siguiendo la decisi\u00f3n del Presidente Fern\u00e1ndez de democratizaci\u00f3n de los r\u00edos, la creaci\u00f3n del Ente Nacional de Control y Gesti\u00f3n de la V\u00eda Navegable es fundamental para cumplir el compromiso de federalizaci\u00f3n en la administraci\u00f3n de los recursos naturales, la defensa del ambiente y la seguridad de todos los argentinos y argentinas&#8221;, consign\u00f3 el comunicado.<\/p>\n<p>La v\u00eda navegable troncal es un sistema de navegaci\u00f3n fluvial de 1.635 km fundamental para el desarrollo de las econom\u00edas regionales de nuestro pa\u00eds, vinculando los grandes puertos y las terminales fluviales del r\u00edo Paran\u00e1 y del r\u00edo de La Plata con el oc\u00e9ano. Constituye la principal v\u00eda navegable para el comercio exterior de la Argentina, llevando aproximadamente el 80% de la exportaci\u00f3n nacional, alrededor del 81% del volumen de las exportaciones agr\u00edcolas y el 96% del tr\u00e1fico de contenedores.<\/p>\n<p>El nuevo ente fiscalizar\u00e1 el cumplimiento de los reglamentos y los marcos contractuales y regulatorios mediante auditor\u00eda, control, inspecci\u00f3n, regulaci\u00f3n y seguimiento de las materias administrativas, ambientales primarias, econ\u00f3mico-financieras, legales, determinaci\u00f3n y modificaci\u00f3n de traza, tarifarias y t\u00e9cnicas de los contratos de concesi\u00f3n de obra p\u00fablica.<\/p>\n<p>Adem\u00e1s, controlar\u00e1 otros contratos que pudieran realizarse para el desarrollo de trabajos de modernizaci\u00f3n, ampliaci\u00f3n, operaci\u00f3n y mantenimiento del sistema de se\u00f1alizaci\u00f3n y balizamiento, de dragado y redragado, control hidrol\u00f3gico o de actividades complementarias a aquellos, entre el kil\u00f3metro 1.238 del R\u00edo Paran\u00e1, punto denominado Confluencia, hasta la Zona de Aguas Profundas Naturales, en el R\u00edo De La Plata exterior.<\/p>\n<p>La direcci\u00f3n del Ente estar\u00e1 a cargo de un Consejo Directivo integrado por 15 miembros, que tendr\u00e1n car\u00e1cter &#8220;ad honorem&#8221; y ser\u00e1n designados por el Poder Ejecutivo.<\/p>\n<p>El presidente o la presidenta ser\u00e1 designado por el presidente de la Naci\u00f3n; vicepresidente primero y dos vocales a propuesta del Ministerio de Transporte; vicepresidente segundo y un vocal, del Ministerio del Interior; el vicepresidente tercero y un vocal, de Desarrollo Productivo; y siete vocales, a propuesta de cada una de las provincias signatarias del Acuerdo Federal Hidrov\u00eda.<\/p>\n<p>Por otra parte, las tarifas y peajes que sean fijados en raz\u00f3n de concesiones otorgadas sobre la Hidrov\u00eda ser\u00e1n percibidos por el Ente por cuenta y orden del concesionario o de los concesionarios y remitidas a \u00e9ste o \u00e9stos, previa detracci\u00f3n de los montos que correspondan.<\/p>\n","protected":false},"excerpt":{"rendered":"<p>El organismo deber\u00e1 fiscalizar el funcionamiento de la v\u00eda navegable Paraguay- Paran\u00e1. Su sede estar\u00e1 en Rosario y contar\u00e1 con un Consejo Directivo de 15 miembros que tendr\u00e1n car\u00e1cter &#8220;ad honorem&#8221; y ser\u00e1n designados por el Poder Ejecutivo &nbsp; &nbsp; El Gobierno cre\u00f3 el Ente Nacional de Control y Gesti\u00f3n de la V\u00eda Navegable, que tendr\u00e1 la misi\u00f3n de velar por la calidad y adecuada prestaci\u00f3n de los servicios de la Hidrov\u00eda Paraguay-Paran\u00e1, la debida protecci\u00f3n de los usuarios y las usuarias, el resguardo de los bienes de dominio p\u00fablico&#8230;<\/p>\n","protected":false},"author":3,"featured_media":76936,"comment_status":"closed","ping_status":"closed","sticky":false,"template":"","format":"standard","meta":[],"categories":[18],"tags":[],"_links":{"self":[{"href":"https:\/\/www.actualidadadiario.com\/index.php\/wp-json\/wp\/v2\/posts\/76935"}],"collection":[{"href":"https:\/\/www.actualidadadiario.com\/index.php\/wp-json\/wp\/v2\/posts"}],"about":[{"href":"https:\/\/www.actualidadadiario.com\/index.php\/wp-json\/wp\/v2\/types\/post"}],"author":[{"embeddable":true,"href":"https:\/\/www.actualidadadiario.com\/index.php\/wp-json\/wp\/v2\/users\/3"}],"replies":[{"embeddable":true,"href":"https:\/\/www.actualidadadiario.com\/index.php\/wp-json\/wp\/v2\/comments?post=76935"}],"version-history":[{"count":1,"href":"https:\/\/www.actualidadadiario.com\/index.php\/wp-json\/wp\/v2\/posts\/76935\/revisions"}],"predecessor-version":[{"id":76937,"href":"https:\/\/www.actualidadadiario.com\/index.php\/wp-json\/wp\/v2\/posts\/76935\/revisions\/76937"}],"wp:featuredmedia":[{"embeddable":true,"href":"https:\/\/www.actualidadadiario.com\/index.php\/wp-json\/wp\/v2\/media\/76936"}],"wp:attachment":[{"href":"https:\/\/www.actualidadadiario.com\/index.php\/wp-json\/wp\/v2\/media?parent=76935"}],"wp:term":[{"taxonomy":"category","embeddable":true,"href":"https:\/\/www.actualidadadiario.com\/index.php\/wp-json\/wp\/v2\/categories?post=76935"},{"taxonomy":"post_tag","embeddable":true,"href":"https:\/\/www.actualidadadiario.com\/index.php\/wp-json\/wp\/v2\/tags?post=76935"}],"curies":[{"name":"wp","href":"https:\/\/api.w.org\/{rel}","templated":true}]}}