{"id":76932,"date":"2021-08-25T13:03:17","date_gmt":"2021-08-25T16:03:17","guid":{"rendered":"https:\/\/www.actualidadadiario.com\/?p=76932"},"modified":"2021-08-25T13:03:17","modified_gmt":"2021-08-25T16:03:17","slug":"martin-guzman-le-apunto-a-macri-nosotros-no-nos-endeudamos-en-dolares","status":"publish","type":"post","link":"https:\/\/www.actualidadadiario.com\/index.php\/2021\/08\/25\/martin-guzman-le-apunto-a-macri-nosotros-no-nos-endeudamos-en-dolares\/","title":{"rendered":"Mart\u00edn Guzm\u00e1n le apunt\u00f3 a Macri: &#8220;Nosotros no nos endeudamos en d\u00f3lares\u201d"},"content":{"rendered":"<p style=\"text-align: center;\"><em><strong>En un acto para la militancia en Tucum\u00e1n, el ministro de Econom\u00eda Mart\u00edn Guzm\u00e1n replic\u00f3 la estrategia de campa\u00f1a que est\u00e1 tomando el Frente de Todos y sali\u00f3 a responderles a Mauricio Macri y Mar\u00eda Eugenia Vidal por sus dichos sobre la deuda. \u201c\u00bfCu\u00e1nto fue el endeudamiento en d\u00f3lares que llev\u00f3 a cabo Juntos por el Cambio? US$100.000 millones, el pueblo sabe&#8221;, asegur\u00f3<\/strong><\/em><\/p>\n<p>&nbsp;<\/p>\n<p>&nbsp;<\/p>\n<p>&nbsp;<\/p>\n<p>El titular de la cartera de Econom\u00eda viaj\u00f3 al norte del pa\u00eds junto a su par del Interior, Eduardo &#8220;Wado&#8221; De Pedro, y ambos fueron recibidos por el gobernador Juan Manzur.<\/p>\n<p>Sobre el escenario, Mart\u00edn Guzm\u00e1n se meti\u00f3 de lleno en la campa\u00f1a y sali\u00f3 a esgrimir discursivamente contra los dichos del ex presidente Macri y la precandidata a diputada nacional por Juntos en CABA, Mar\u00eda Eugenia Vidal, quienes afirmaron que el presidente Alberto Fern\u00e1ndez se est\u00e1 endeudando m\u00e1s r\u00e1pido en dos a\u00f1os que el gobierno de Cambiemos en una gesti\u00f3n.<\/p>\n<p>Para el funcionario de Hacienda, Juntos por el Cambio &#8220;dej\u00f3 a la Argentina en la escasez&#8221; y llev\u00f3 adelante un modelo &#8220;muy da\u00f1ino&#8221; durante los cuatro a\u00f1os de presidencia de Macri.<\/p>\n<p>\u201c\u00bfCu\u00e1nto fue el endeudamiento en d\u00f3lares que llev\u00f3 a cabo Juntos por el Cambio? US$100.000 millones, el pueblo sabe. \u00bfCu\u00e1nto endeudamiento en d\u00f3lares tom\u00f3 el Gobierno del Frente de Todos? Cero, nosotros no nos endeudamos en d\u00f3lares\u201d, manifest\u00f3 Guzm\u00e1n.<\/p>\n<p>El origen de esta discusi\u00f3n por qu\u00e9 gobierno gener\u00f3 m\u00e1s deuda lo abri\u00f3 el ex presidente Macri el domingo cuando, gr\u00e1fico en mano, manifest\u00f3 que \u201cCristina Kirchner, en su \u00faltimo gobierno US$17.500 millones; el promedio que tomamos nosotros, US$12.000 millones; y miren la barbaridad que est\u00e1 pasando hoy, esto es lo que tom\u00f3 en su primer a\u00f1o el se\u00f1or Alberto Fern\u00e1ndez (US$50.700 millones)\u201d.<\/p>\n<p>De regreso de sus vacaciones europeas, Macri se sum\u00f3 a los recorridos de campa\u00f1a de Vidal en la Ciudad de Buenos Aires y del precandidato a diputado por Juntos en territorio bonaerense, Diego Santilli, y all\u00ed comenz\u00f3 a lanzar cr\u00edticas al Frente de Todos.<\/p>\n<p>Con ese tono, la ex gobernadora de Buenos Aires se pleg\u00f3 a los dichos del empresario y sostuvo que \u201cAlberto Fern\u00e1ndez lleva, en este a\u00f1o y medio, un endeudamiento de US$30.000 millones\u201d. \u201cSe est\u00e1 endeudando m\u00e1s r\u00e1pido por a\u00f1o que Mauricio Macri\u201d, dijo Vidal.<\/p>\n<p>&nbsp;<\/p>\n<p><strong>Guzm\u00e1n desminti\u00f3 a Chequeado<\/strong><\/p>\n<p>Sobre el escenario tucumano donde le habl\u00f3 a una multitud de adeptos, Guzm\u00e1n se par\u00f3 en el centro del escenario y, micr\u00f3fono en mano, desminti\u00f3 al sitio informativo que le hab\u00eda dado la raz\u00f3n a los argumentos cambiemitas sobre el endeudamiento.<\/p>\n<p>De acuerdo a Chequeado, la deuda bruta durante la gesti\u00f3n de Cambiemos subi\u00f3 en US$66.150 millones, un promedio anual de US$16.500 millones, n\u00famero que est\u00e1 por encima del generado en el segundo mandato de Cristina Kirchner, que representa un total de US$12.500 millones.,<\/p>\n<p>Adem\u00e1s, agrega que en el primer a\u00f1o de gobierno de Alberto Fern\u00e1ndez ambas cifras se superan, ya que trepa a US$22.200 millones en el primer a\u00f1o y US$30.000 millones en sus primeros 18 meses.<\/p>\n<p>\u201cUna ex gobernadora dice: Fern\u00e1ndez lleva en este a\u00f1o y medio un endeudamiento de US$30.000 millones, se est\u00e1 endeudando m\u00e1s r\u00e1pido por a\u00f1o que Macri. Y un sitio de noticias que supuestamente chequea noticias, dice que es \u00b4verdadero\u00b4. \u00a1Qu\u00e9 enga\u00f1o absoluto!\u201d, dijo Guzm\u00e1n, leyendo la cita desde su tel\u00e9fono.<\/p>\n<p>&nbsp;<\/p>\n<p><strong>Guzm\u00e1n se sum\u00f3 a la campa\u00f1a<\/strong><\/p>\n<p>En las \u00faltimas semanas, el ministro de Econom\u00eda empez\u00f3 a ser protagonista de campa\u00f1a y comenz\u00f3 a subir el tono contra la oposici\u00f3n, a semanas de las PASO del 12 de septiembre.<\/p>\n<p>Lanzado en la estrategia del gobierno de mencionar las &#8220;dos pandemias&#8221; que originaron la actual crisis econ\u00f3mica en referencia a los cuatros a\u00f1os de Cambiemos y el coronavirus, el ministro de Econom\u00eda acus\u00f3 a la oposici\u00f3n de &#8220;hipotecar&#8221; el pa\u00eds.<\/p>\n<p>Para Guzm\u00e1n, Alberto Fern\u00e1ndez est\u00e1 \u201cresolviendo los problemas m\u00e1s graves que le dej\u00f3 el Gobierno de Juntos por el Cambio a la Argentina, empezando por aquel brutal y nocivo endeudamiento, que hab\u00eda hipotecado el futuro del pa\u00eds\u201d.<\/p>\n<p>\u201cLa econom\u00eda se recupera y no es casualidad, es el resultado de las pol\u00edticas p\u00fablicas que se han venido implementando para resolver esta doble crisis\u201d, afirm\u00f3 el funcionario.<\/p>\n<p>Adem\u00e1s, plante\u00f3 que \u201cuno no puede pensar que estar\u00eda ocurriendo hoy en la Argentina si desde el Estado no se hubiese estado presente en el peor momento de la pandemia, cuidando al trabajo, a la producci\u00f3n, al tejido productivo y social, lo que hubiese ocurrido es que la econom\u00eda no se hubiera recuperado&#8221;.<\/p>\n<p>En el mismo tono agreg\u00f3 no saber qu\u00e9 hubiera ocurrido con la crisis sanitaria mundial &#8220;con aquel modelo tan da\u00f1ino que implement\u00f3 Juntos por el Cambio\u201d.<\/p>\n<p>Por \u00faltimo, manifest\u00f3 que \u201cestas elecciones son muy importantes para construir esta Argentina de futuro, de oportunidades que estamos construyendo\u201d.<\/p>\n","protected":false},"excerpt":{"rendered":"<p>En un acto para la militancia en Tucum\u00e1n, el ministro de Econom\u00eda Mart\u00edn Guzm\u00e1n replic\u00f3 la estrategia de campa\u00f1a que est\u00e1 tomando el Frente de Todos y sali\u00f3 a responderles a Mauricio Macri y Mar\u00eda Eugenia Vidal por sus dichos sobre la deuda. \u201c\u00bfCu\u00e1nto fue el endeudamiento en d\u00f3lares que llev\u00f3 a cabo Juntos por el Cambio? US$100.000 millones, el pueblo sabe&#8221;, asegur\u00f3 &nbsp; &nbsp; &nbsp; El titular de la cartera de Econom\u00eda viaj\u00f3 al norte del pa\u00eds junto a su par del Interior, Eduardo &#8220;Wado&#8221; De Pedro, y ambos&#8230;<\/p>\n","protected":false},"author":3,"featured_media":76933,"comment_status":"closed","ping_status":"closed","sticky":false,"template":"","format":"standard","meta":[],"categories":[18],"tags":[],"_links":{"self":[{"href":"https:\/\/www.actualidadadiario.com\/index.php\/wp-json\/wp\/v2\/posts\/76932"}],"collection":[{"href":"https:\/\/www.actualidadadiario.com\/index.php\/wp-json\/wp\/v2\/posts"}],"about":[{"href":"https:\/\/www.actualidadadiario.com\/index.php\/wp-json\/wp\/v2\/types\/post"}],"author":[{"embeddable":true,"href":"https:\/\/www.actualidadadiario.com\/index.php\/wp-json\/wp\/v2\/users\/3"}],"replies":[{"embeddable":true,"href":"https:\/\/www.actualidadadiario.com\/index.php\/wp-json\/wp\/v2\/comments?post=76932"}],"version-history":[{"count":1,"href":"https:\/\/www.actualidadadiario.com\/index.php\/wp-json\/wp\/v2\/posts\/76932\/revisions"}],"predecessor-version":[{"id":76934,"href":"https:\/\/www.actualidadadiario.com\/index.php\/wp-json\/wp\/v2\/posts\/76932\/revisions\/76934"}],"wp:featuredmedia":[{"embeddable":true,"href":"https:\/\/www.actualidadadiario.com\/index.php\/wp-json\/wp\/v2\/media\/76933"}],"wp:attachment":[{"href":"https:\/\/www.actualidadadiario.com\/index.php\/wp-json\/wp\/v2\/media?parent=76932"}],"wp:term":[{"taxonomy":"category","embeddable":true,"href":"https:\/\/www.actualidadadiario.com\/index.php\/wp-json\/wp\/v2\/categories?post=76932"},{"taxonomy":"post_tag","embeddable":true,"href":"https:\/\/www.actualidadadiario.com\/index.php\/wp-json\/wp\/v2\/tags?post=76932"}],"curies":[{"name":"wp","href":"https:\/\/api.w.org\/{rel}","templated":true}]}}