{"id":76929,"date":"2021-08-25T13:02:28","date_gmt":"2021-08-25T16:02:28","guid":{"rendered":"https:\/\/www.actualidadadiario.com\/?p=76929"},"modified":"2021-08-25T13:02:28","modified_gmt":"2021-08-25T16:02:28","slug":"trotta-confirmo-que-a-partir-del-1-de-septiembre-se-intensificara-la-presencialidad","status":"publish","type":"post","link":"https:\/\/www.actualidadadiario.com\/index.php\/2021\/08\/25\/trotta-confirmo-que-a-partir-del-1-de-septiembre-se-intensificara-la-presencialidad\/","title":{"rendered":"Trotta confirm\u00f3 que a partir del 1 de septiembre se intensificar\u00e1 la presencialidad"},"content":{"rendered":"<p style=\"text-align: center;\"><em><strong>El ministro de Educaci\u00f3n inform\u00f3 sobre la serie de reuniones con especialistas para analizar los cambios en el protocolo de las escuelas. Al reducirse el distanciamiento a 90 cent\u00edmetros, se tomaran otras medidas de cuidado<\/strong><\/em><\/p>\n<p>&nbsp;<\/p>\n<p>&nbsp;<\/p>\n<p>El ministro de Educaci\u00f3n, Nicol\u00e1s Trotta, adelant\u00f3 que este mi\u00e9rcoles a la tarde se reunir\u00e1 con el Consejo Asesor para el Regreso a las Clases Presenciales, para continuar analizando y definir las propuestas de cambios en el protocolo en las escuelas que &#8220;se validar\u00e1n este jueves en la reuni\u00f3n del Consejo Federal de Educaci\u00f3n&#8221;, con el objetivo de &#8220;intensificar la presencialidad&#8221;, a partir del 1 de septiembre.<\/p>\n<p>&#8220;Estamos avanzando en la intensificaci\u00f3n de la presencialidad&#8221; en el marco de la pandemia de coronavirus, defini\u00f3 Trotta sobre las reuniones que comenzaron esta semana con la comisi\u00f3n para el regreso seguro a las aulas.<\/p>\n<p>El martes Trotta se reuni\u00f3 con el gobernador bonaerense Axel Kicillof, y este mi\u00e9rcoles continuar\u00e1 con la reuni\u00f3n del Consejo Asesor para el Regreso a las Clases Presenciales, que tiene car\u00e1cter multidisciplinario y consultivo, y desarrolla los protocolos para evitar nuevos casos de COVID-19 en la comunidad escolar y los procedimientos a aplicarse en caso de que se presente un contagio en alguna instituci\u00f3n del pa\u00eds.<\/p>\n<p>En declaraciones a radio Atl\u00e1ntica de Mar del Plata, Trotta se\u00f1al\u00f3: &#8220;Estamos evaluando distintas modificaciones para intensificar el regreso a la presencialidad y este mi\u00e9rcoles a la tarde nos reunimos con la comisi\u00f3n para el regreso seguro a las aulas&#8221;.<\/p>\n<p>&#8220;Estuvimos reunidos con los expertos analizando los protocolos a partir de lo que ha sido la mejora de los indicadores sanitarios y epidemiol\u00f3gicos constantes y el avance del proceso de vacunaci\u00f3n&#8221;, cont\u00f3.<\/p>\n<p>En ese sentido, agreg\u00f3: &#8220;Estas mejoras sanitarias nos dan la posibilidad de actualizar los protocolos para permitir intensificar la presencialidad en las aulas con responsabilidad&#8221;.<\/p>\n<p>Sobre el tema del distanciamiento entre los alumnos, Trotta aclar\u00f3 que el regreso de todo el alumnado completo en un aula con una separaci\u00f3n m\u00ednima de 90 cent\u00edmetros entre cada uno, &#8220;depender\u00e1 de la situaci\u00f3n edilicia de cada instituci\u00f3n&#8221;, la &#8220;ventilaci\u00f3n&#8221; del lugar y &#8220;el control estricto&#8221;.<\/p>\n<p>&#8220;Ante mayor reducci\u00f3n del distanciamiento, habr\u00e1 que intensificar otros controles&#8221;, asever\u00f3 el ministro, quien remarc\u00f3: &#8220;Estamos evaluando la posibilidad de aumentar los controles de la circulaci\u00f3n del aire puro con medidores de di\u00f3xido de carbono, el uso de tapa bocas dobles o barbijos especiales y testeos en los estudiantes&#8221;.<\/p>\n<p>En cifras, el titular de la cartera educativa revel\u00f3 que &#8220;el 26 por ciento de las escuelas en la provincia de Buenos Aires pudieron dictar clases en sus aulas con la totalidad de los alumnos durante toda la semana&#8221;, siendo de ese total de establecimientos, 20 por ciento de escuelas rurales.<\/p>\n<p>&#8220;Todo esto lo estamos evaluando y analizando cada una de las medidas para permitir intensificar la presencialidad siendo muy responsables en el control y fiscalizaci\u00f3n de la salud&#8221;, remarc\u00f3.<\/p>\n","protected":false},"excerpt":{"rendered":"<p>El ministro de Educaci\u00f3n inform\u00f3 sobre la serie de reuniones con especialistas para analizar los cambios en el protocolo de las escuelas. Al reducirse el distanciamiento a 90 cent\u00edmetros, se tomaran otras medidas de cuidado &nbsp; &nbsp; El ministro de Educaci\u00f3n, Nicol\u00e1s Trotta, adelant\u00f3 que este mi\u00e9rcoles a la tarde se reunir\u00e1 con el Consejo Asesor para el Regreso a las Clases Presenciales, para continuar analizando y definir las propuestas de cambios en el protocolo en las escuelas que &#8220;se validar\u00e1n este jueves en la reuni\u00f3n del Consejo Federal de&#8230;<\/p>\n","protected":false},"author":3,"featured_media":76930,"comment_status":"closed","ping_status":"closed","sticky":false,"template":"","format":"standard","meta":[],"categories":[9],"tags":[],"_links":{"self":[{"href":"https:\/\/www.actualidadadiario.com\/index.php\/wp-json\/wp\/v2\/posts\/76929"}],"collection":[{"href":"https:\/\/www.actualidadadiario.com\/index.php\/wp-json\/wp\/v2\/posts"}],"about":[{"href":"https:\/\/www.actualidadadiario.com\/index.php\/wp-json\/wp\/v2\/types\/post"}],"author":[{"embeddable":true,"href":"https:\/\/www.actualidadadiario.com\/index.php\/wp-json\/wp\/v2\/users\/3"}],"replies":[{"embeddable":true,"href":"https:\/\/www.actualidadadiario.com\/index.php\/wp-json\/wp\/v2\/comments?post=76929"}],"version-history":[{"count":1,"href":"https:\/\/www.actualidadadiario.com\/index.php\/wp-json\/wp\/v2\/posts\/76929\/revisions"}],"predecessor-version":[{"id":76931,"href":"https:\/\/www.actualidadadiario.com\/index.php\/wp-json\/wp\/v2\/posts\/76929\/revisions\/76931"}],"wp:featuredmedia":[{"embeddable":true,"href":"https:\/\/www.actualidadadiario.com\/index.php\/wp-json\/wp\/v2\/media\/76930"}],"wp:attachment":[{"href":"https:\/\/www.actualidadadiario.com\/index.php\/wp-json\/wp\/v2\/media?parent=76929"}],"wp:term":[{"taxonomy":"category","embeddable":true,"href":"https:\/\/www.actualidadadiario.com\/index.php\/wp-json\/wp\/v2\/categories?post=76929"},{"taxonomy":"post_tag","embeddable":true,"href":"https:\/\/www.actualidadadiario.com\/index.php\/wp-json\/wp\/v2\/tags?post=76929"}],"curies":[{"name":"wp","href":"https:\/\/api.w.org\/{rel}","templated":true}]}}