{"id":76923,"date":"2021-08-25T13:00:36","date_gmt":"2021-08-25T16:00:36","guid":{"rendered":"https:\/\/www.actualidadadiario.com\/?p=76923"},"modified":"2021-08-25T13:00:36","modified_gmt":"2021-08-25T16:00:36","slug":"el-consumo-de-energia-electrica-aumento-en-julio-y-fue-el-tercero-mas-alto-de-la-historia","status":"publish","type":"post","link":"https:\/\/www.actualidadadiario.com\/index.php\/2021\/08\/25\/el-consumo-de-energia-electrica-aumento-en-julio-y-fue-el-tercero-mas-alto-de-la-historia\/","title":{"rendered":"El consumo de energ\u00eda el\u00e9ctrica aument\u00f3 en julio y fue el tercero m\u00e1s alto de la historia"},"content":{"rendered":"<p style=\"text-align: center;\"><em><strong>La demanda de la industria creci\u00f3 17% interanual e impuls\u00f3 la suba general, frente a una ca\u00edda del 4% en la residencial<\/strong><\/em><\/p>\n<p>&nbsp;<\/p>\n<p>&nbsp;<\/p>\n<p>La demanda de energ\u00eda el\u00e9ctrica alcanz\u00f3 en julio a 12.407,8 gigavatios\/hora (GWh) , con un alza del 3% respecto del mes anterior y del 1,9% interanual. De acuerdo con el informe de la Fundaci\u00f3n para el Desarrollo El\u00e9ctrico (Fundelec), el consumo del mes pasado fue \u201cel tercero m\u00e1s importante de la historia\u201d y cont\u00f3 con el impulso principal de la demanda de los usuarios industriales, con un alza del 17%.<\/p>\n<p>El crecimiento, que fue el cuarto interanual consecutivo, se concentr\u00f3 en el interior del pa\u00eds, ya que en el \u00e1rea de cobertura de las distribuidoras del \u00c1rea Metropolitana de Buenos Aires se registr\u00f3 un descenso del 2,6%, discriminado en una ca\u00edda del 2,3% entre los usuarios de Edenor y del 1,4% en los de Edesur.<\/p>\n<p>Los dos niveles m\u00e1s altos de consumo de energ\u00eda el\u00e9ctrica fueron registrados en julio de 2018 (12.603,9 GWh) y enero de 2017 (12.442,3 GWh). No obstante, los datos preliminares de agosto muestran una ca\u00edda en determinadas franjas de grandes usuarios, lo que podr\u00eda marcar un quiebre de la tendencia positiva de los \u00faltimos meses.<\/p>\n<p>Por su parte, la demanda de los usuarios comerciales tuvo un crecimiento del 1% y la de los residenciales (que representa el 50% del total) tuvo una ca\u00edda del 4%. La evoluci\u00f3n de los tres tipos de usuarios no estuvo exenta de la situaci\u00f3n que cada uno registr\u00f3 en el inicio de la cuarentena, en la que se restringieron las actividades industriales y comerciales y se increment\u00f3 en consumo domiciliario, con el incremento del teletrabajo.<\/p>\n<p>En ese sentido, Fundelec advirti\u00f3 que julio de 2020 \u201cfue un mes en el que hubo un impacto en la actividad, principalmente en la demanda de energ\u00eda de las grandes industrias, con ca\u00eddas del orden del 8,2%\u201d.<\/p>\n<p>En cuanto a la gran demanda, al igual que en los \u00faltimos meses, se observa que se encuentra en valores superiores a 2019, recuperando el consumo luego del comienzo de la fase Distanciamiento Social, Preventivo y Obligatorio (DISPO), en la que \u201cen general algunas actividades alcanzaron la demanda previa o superior a la cuarentena\u201d, remarc\u00f3 la entidad.<\/p>\n<p>Los datos provisorios de las primeras semanas de agosto en base a informes de la Compa\u00f1\u00eda Administradora del Mercado Mayorista El\u00e9ctrico (CAMMESA) indican que \u201cla demanda de alimentaci\u00f3n, comercios y servicios (principalmente supermercados y otros centros comerciales), representa una ca\u00edda general de 8,6% para las primeras tres semanas de agosto\u201d, si bien la industria en total muestra un crecimiento del 3,8% respecto a los niveles previos a la pandemia.<\/p>\n<p>Fundelec destac\u00f3 que en lo que va de agosto \u201cse destaca el repunte de consumo en industrias vinculadas a la construcci\u00f3n, los productos met\u00e1licos no automotor, como tambi\u00e9n las industrias de la madera y papel\u201d, al tiempo que \u201ccayeron las actividades relacionadas con las industrias qu\u00edmicas, caucho, pl\u00e1sticos y textil, los derivados del petr\u00f3leo, automotrices y servicios p\u00fablicos y transporte, entre otros\u201d.<\/p>\n<p>\u201cUno de los sectores que m\u00e1s cay\u00f3 en el \u00faltimo mes es el de las industrias qu\u00edmicas, cerca de un 12,3% y otro es el de extracci\u00f3n de petr\u00f3leo con un 4,4% en relaci\u00f3n con la situaci\u00f3n previa a la cuarentena\u201d, agreg\u00f3.<\/p>\n<p>La fundaci\u00f3n puntualiz\u00f3 la incidencia de las restricciones en la evoluci\u00f3n de la demanda de energ\u00eda, se\u00f1alando que luego del 20 de marzo de 2020, cuando comenz\u00f3 el ASPO, hubo una ca\u00edda promedio del 24% en abril y mayo.<\/p>\n<p>\u201cA medida que se fueron flexibilizando actividades y, sobre todo, desde el Distanciamiento Social, Preventivo y Obligatorio (DISPO) en noviembre se observ\u00f3 un aumento de la gran demanda, alcanzando en diciembre, pr\u00e1cticamente la misma que el a\u00f1o anterior\u201d. En ese marco, en el primer semestre de 2021 se superaron algunos de los registros del contexto previo a la pandemia y otros a\u00fan se mantienen a la baja.<\/p>\n","protected":false},"excerpt":{"rendered":"<p>La demanda de la industria creci\u00f3 17% interanual e impuls\u00f3 la suba general, frente a una ca\u00edda del 4% en la residencial &nbsp; &nbsp; La demanda de energ\u00eda el\u00e9ctrica alcanz\u00f3 en julio a 12.407,8 gigavatios\/hora (GWh) , con un alza del 3% respecto del mes anterior y del 1,9% interanual. De acuerdo con el informe de la Fundaci\u00f3n para el Desarrollo El\u00e9ctrico (Fundelec), el consumo del mes pasado fue \u201cel tercero m\u00e1s importante de la historia\u201d y cont\u00f3 con el impulso principal de la demanda de los usuarios industriales, con&#8230;<\/p>\n","protected":false},"author":3,"featured_media":76924,"comment_status":"closed","ping_status":"closed","sticky":false,"template":"","format":"standard","meta":[],"categories":[2],"tags":[],"_links":{"self":[{"href":"https:\/\/www.actualidadadiario.com\/index.php\/wp-json\/wp\/v2\/posts\/76923"}],"collection":[{"href":"https:\/\/www.actualidadadiario.com\/index.php\/wp-json\/wp\/v2\/posts"}],"about":[{"href":"https:\/\/www.actualidadadiario.com\/index.php\/wp-json\/wp\/v2\/types\/post"}],"author":[{"embeddable":true,"href":"https:\/\/www.actualidadadiario.com\/index.php\/wp-json\/wp\/v2\/users\/3"}],"replies":[{"embeddable":true,"href":"https:\/\/www.actualidadadiario.com\/index.php\/wp-json\/wp\/v2\/comments?post=76923"}],"version-history":[{"count":1,"href":"https:\/\/www.actualidadadiario.com\/index.php\/wp-json\/wp\/v2\/posts\/76923\/revisions"}],"predecessor-version":[{"id":76925,"href":"https:\/\/www.actualidadadiario.com\/index.php\/wp-json\/wp\/v2\/posts\/76923\/revisions\/76925"}],"wp:featuredmedia":[{"embeddable":true,"href":"https:\/\/www.actualidadadiario.com\/index.php\/wp-json\/wp\/v2\/media\/76924"}],"wp:attachment":[{"href":"https:\/\/www.actualidadadiario.com\/index.php\/wp-json\/wp\/v2\/media?parent=76923"}],"wp:term":[{"taxonomy":"category","embeddable":true,"href":"https:\/\/www.actualidadadiario.com\/index.php\/wp-json\/wp\/v2\/categories?post=76923"},{"taxonomy":"post_tag","embeddable":true,"href":"https:\/\/www.actualidadadiario.com\/index.php\/wp-json\/wp\/v2\/tags?post=76923"}],"curies":[{"name":"wp","href":"https:\/\/api.w.org\/{rel}","templated":true}]}}