{"id":76913,"date":"2021-08-25T12:56:57","date_gmt":"2021-08-25T15:56:57","guid":{"rendered":"https:\/\/www.actualidadadiario.com\/?p=76913"},"modified":"2021-08-25T12:56:57","modified_gmt":"2021-08-25T15:56:57","slug":"cordoba-notifico-un-nuevo-caso-y-totalizan-61-los-positivos-con-la-variante-delta","status":"publish","type":"post","link":"https:\/\/www.actualidadadiario.com\/index.php\/2021\/08\/25\/cordoba-notifico-un-nuevo-caso-y-totalizan-61-los-positivos-con-la-variante-delta\/","title":{"rendered":"C\u00f3rdoba notific\u00f3 un nuevo caso y totalizan 61 los positivos con la variante Delta"},"content":{"rendered":"<p style=\"text-align: center;\"><em><strong>De acuerdo con la informaci\u00f3n oficial, el nuevo caso corresponde a una persona que regres\u00f3 de Estados Unidos. Hasta ahora, son dos las personas fallecidas como consecuencia de esa variante<\/strong><\/em><\/p>\n<p>&nbsp;<\/p>\n<p>&nbsp;<\/p>\n<p>El Ministerio de Salud de C\u00f3rdoba notific\u00f3 un nuevo caso de la variante Delta de coronavirus, lo que elev\u00f3 a 61 los contagios con esa cepa de mayor transmisibilidad en la provincia.<\/p>\n<p>De acuerdo con la informaci\u00f3n oficial, el nuevo caso corresponde a una persona que regres\u00f3 de Estados Unidos.<\/p>\n<p>Hasta ahora, son dos las personas fallecidas como consecuencia de esa variante: uno fue el \u2018caso cero\u2019 -un viajero que lleg\u00f3 de Per\u00fa, y la otra una mujer del mismo nexo epidemiol\u00f3gico, y en ninguno de los casos estaban vacunados.<\/p>\n<p>Desde el inicio de la pandemia la provincia acumula 502.101 casos positivos de coronavirus y 6.526 fallecimientos por esa causa.<\/p>\n<p>El informe detalla que, del total de los casos positivos confirmados, el 97% de las personas se recuper\u00f3 de la afecci\u00f3n.<\/p>\n<p>Por otra parte, el nivel de ocupaci\u00f3n de camas cr\u00edticas de las Unidades de Terapia Intensiva (UTI) destinadas a tratamiento de Covid-19 se ubica en el 22,3%, con 784 internados, de los cuales 189 se encuentran con asistencia respiratoria mec\u00e1nica, lo que representa un 24,1%.<\/p>\n<p>Con respecto a la campa\u00f1a de vacunaci\u00f3n, hasta la fecha se aplicaron 2.317.692 de la primera dosis y 1.115.412 correspondiente a la segunda que completa el esquema de inmunizaci\u00f3n.<\/p>\n<p>Mientras tanto contin\u00faa el Operativo Identificar con m\u00f3viles sanitarios en los barrios con testeos, b\u00fasqueda de casos estrechos y asintom\u00e1ticos, adem\u00e1s de la inoculaci\u00f3n de vacunas.<\/p>\n<p>Tambi\u00e9n se vacuna sin turno previo, con la primera dosis, a mayores de 30 a\u00f1os, a personas embarazadas y con discapacidad, tambi\u00e9n a quienes perdieron su turno por alg\u00fan motivo, sin importar la edad.<\/p>\n","protected":false},"excerpt":{"rendered":"<p>De acuerdo con la informaci\u00f3n oficial, el nuevo caso corresponde a una persona que regres\u00f3 de Estados Unidos. Hasta ahora, son dos las personas fallecidas como consecuencia de esa variante &nbsp; &nbsp; El Ministerio de Salud de C\u00f3rdoba notific\u00f3 un nuevo caso de la variante Delta de coronavirus, lo que elev\u00f3 a 61 los contagios con esa cepa de mayor transmisibilidad en la provincia. De acuerdo con la informaci\u00f3n oficial, el nuevo caso corresponde a una persona que regres\u00f3 de Estados Unidos. Hasta ahora, son dos las personas fallecidas como&#8230;<\/p>\n","protected":false},"author":3,"featured_media":76914,"comment_status":"closed","ping_status":"closed","sticky":false,"template":"","format":"standard","meta":[],"categories":[2],"tags":[],"_links":{"self":[{"href":"https:\/\/www.actualidadadiario.com\/index.php\/wp-json\/wp\/v2\/posts\/76913"}],"collection":[{"href":"https:\/\/www.actualidadadiario.com\/index.php\/wp-json\/wp\/v2\/posts"}],"about":[{"href":"https:\/\/www.actualidadadiario.com\/index.php\/wp-json\/wp\/v2\/types\/post"}],"author":[{"embeddable":true,"href":"https:\/\/www.actualidadadiario.com\/index.php\/wp-json\/wp\/v2\/users\/3"}],"replies":[{"embeddable":true,"href":"https:\/\/www.actualidadadiario.com\/index.php\/wp-json\/wp\/v2\/comments?post=76913"}],"version-history":[{"count":1,"href":"https:\/\/www.actualidadadiario.com\/index.php\/wp-json\/wp\/v2\/posts\/76913\/revisions"}],"predecessor-version":[{"id":76915,"href":"https:\/\/www.actualidadadiario.com\/index.php\/wp-json\/wp\/v2\/posts\/76913\/revisions\/76915"}],"wp:featuredmedia":[{"embeddable":true,"href":"https:\/\/www.actualidadadiario.com\/index.php\/wp-json\/wp\/v2\/media\/76914"}],"wp:attachment":[{"href":"https:\/\/www.actualidadadiario.com\/index.php\/wp-json\/wp\/v2\/media?parent=76913"}],"wp:term":[{"taxonomy":"category","embeddable":true,"href":"https:\/\/www.actualidadadiario.com\/index.php\/wp-json\/wp\/v2\/categories?post=76913"},{"taxonomy":"post_tag","embeddable":true,"href":"https:\/\/www.actualidadadiario.com\/index.php\/wp-json\/wp\/v2\/tags?post=76913"}],"curies":[{"name":"wp","href":"https:\/\/api.w.org\/{rel}","templated":true}]}}