{"id":76909,"date":"2021-08-25T12:55:15","date_gmt":"2021-08-25T15:55:15","guid":{"rendered":"https:\/\/www.actualidadadiario.com\/?p=76909"},"modified":"2021-08-25T12:55:15","modified_gmt":"2021-08-25T15:55:15","slug":"argentina-registra-una-baja-sostenida-de-casos-de-coronavirus-desde-hace-13-semanas","status":"publish","type":"post","link":"https:\/\/www.actualidadadiario.com\/index.php\/2021\/08\/25\/argentina-registra-una-baja-sostenida-de-casos-de-coronavirus-desde-hace-13-semanas\/","title":{"rendered":"Argentina registra una baja sostenida de casos de coronavirus desde hace 13 semanas"},"content":{"rendered":"<p style=\"text-align: center;\"><em><strong>Hubo una reducci\u00f3n de m\u00e1s del 85% de contagios entre el pico del mes de mayo y la semana pasada<\/strong><\/em><\/p>\n<p>&nbsp;<\/p>\n<p>&nbsp;<\/p>\n<p>Seg\u00fan el an\u00e1lisis de la Sala de Situaci\u00f3n Nacional Covid-19, a la semana epidemiol\u00f3gica 34 -que se encuentra en curso-, Argentina registr\u00f3 una reducci\u00f3n de m\u00e1s del 85% del n\u00famero de casos entre el pico del mes de mayo y la semana pasada.<\/p>\n<p>Gracias al avance del plan nacional de vacunaci\u00f3n contra el Covid-19 y al sostenimiento de las medidas de cuidado, se registra un descenso constante del n\u00famero de casos desde hace 13 semanas.<\/p>\n<p>As\u00ed, mientras que en la semana epidemiol\u00f3gica 20 \u2013la de mayor cantidad de infectados\u2013 lleg\u00f3 a los 225.504 casos seg\u00fan fecha de inicio de s\u00edntomas, en la semana pasada el n\u00famero alcanz\u00f3 los 32.476. Esto implica una reducci\u00f3n de m\u00e1s del 85%.<\/p>\n<p>El descenso tambi\u00e9n se observa hace once semanas en el n\u00famero de internaciones en unidades de terapia intensiva por Covid-19. As\u00ed, al 20 de agosto hubo una reducci\u00f3n del 60% en la cantidad de internaciones en comparaci\u00f3n con el pico de la semana 23 (7.839 contra 3.173).<\/p>\n<p>Informaron adem\u00e1s que hace once semanas se registra un descenso consecutivo de cantidad de muertes seg\u00fan la fecha de fallecimiento, desde el pico m\u00e1ximo producido en la semana 22 del 2021.<\/p>\n<p>Por otra parte, en el mes en que por consenso federal se decidi\u00f3 priorizar la aplicaci\u00f3n de las segundas dosis de vacuna contra Covid-19, ya se super\u00f3 la meta prevista para este mes de lograr que el 60% de las personas con 50 a\u00f1os o m\u00e1s cuente con las dos dosis de vacuna. Tambi\u00e9n completaron su esquema el 67% de las personas con m\u00e1s de 60 a\u00f1os, que es el grupo etario m\u00e1s afectado por esta enfermedad.<\/p>\n<p>&nbsp;<\/p>\n<p><strong>M\u00e1s datos sobre la situaci\u00f3n epidemiol\u00f3gica<\/strong><\/p>\n<ul>\n<li>Los casos est\u00e1n disminuyendo en la mayor\u00eda de las regiones del pa\u00eds. Desde el pico del mes de mayo, con un promedio diario de 26.791 casos, se registra un descenso sostenido. De esta manera, el promedio diario en junio fue de 20.116, en julio de 13.264 y en lo que va de agosto de 6.922.<\/li>\n<li>El 93,7% de los pacientes con Covid-19 se recuper\u00f3.<\/li>\n<li>La letalidad por Covid-19 en el pa\u00eds es de 2,15%. Con respecto al a\u00f1o pasado, en el 2021 se observa una disminuci\u00f3n de la letalidad en todos los grupos de edad.<\/li>\n<li>La distribuci\u00f3n de casos confirmados seg\u00fan sexo y edad en el a\u00f1o 2021 se mantiene sostenida en el tiempo, el 48,9% es masculino y 50,1% femenino.<\/li>\n<\/ul>\n<p>&nbsp;<\/p>\n<p><strong>Datos actualizados sobre el avance de la vacunaci\u00f3n contra el Covid-19<\/strong><\/p>\n<p>Seg\u00fan datos del Ministerio de Salud de la Naci\u00f3n<\/p>\n<p><strong>Vacunas distribuidas:<\/strong> 44.989.834<\/p>\n<p><strong>Vacunas aplicadas:<\/strong> 39.951.618<\/p>\n<p>&nbsp;<\/p>\n<p><strong>Recibieron una dosis de la vacuna contra el Covid-19:<\/strong><\/p>\n<ul>\n<li>Mayores de 18 a\u00f1os: el 81,8%<\/li>\n<li>Mayores de 30 a\u00f1os: el 81,4%<\/li>\n<li>Mayores de 40 a\u00f1os: el 87,6%<\/li>\n<li>Mayores de 50 a\u00f1os: el 89,9%<\/li>\n<li>Mayores de 60 a\u00f1os: el 93,6%<\/li>\n<li>Mayores de 70 a\u00f1os: el 92,4%<\/li>\n<li>Mayores de 80 a\u00f1os: el 83,6%<\/li>\n<\/ul>\n<p>&nbsp;<\/p>\n<p><strong>Recibieron las dos dosis de la vacuna contra el Covid-19:<\/strong><\/p>\n<ul>\n<li>Mayores de 18 a\u00f1os: el 33,3%<\/li>\n<li>Mayores de 50 a\u00f1os: el 47,4%<\/li>\n<li>Mayores de 60 a\u00f1os: el 65,8%<\/li>\n<li>Mayores de 70 a\u00f1os: el 79,2%<\/li>\n<li>Mayores de 80 a\u00f1os: el 74,2%<\/li>\n<\/ul>\n","protected":false},"excerpt":{"rendered":"<p>Hubo una reducci\u00f3n de m\u00e1s del 85% de contagios entre el pico del mes de mayo y la semana pasada &nbsp; &nbsp; Seg\u00fan el an\u00e1lisis de la Sala de Situaci\u00f3n Nacional Covid-19, a la semana epidemiol\u00f3gica 34 -que se encuentra en curso-, Argentina registr\u00f3 una reducci\u00f3n de m\u00e1s del 85% del n\u00famero de casos entre el pico del mes de mayo y la semana pasada. Gracias al avance del plan nacional de vacunaci\u00f3n contra el Covid-19 y al sostenimiento de las medidas de cuidado, se registra un descenso constante del&#8230;<\/p>\n","protected":false},"author":3,"featured_media":66632,"comment_status":"closed","ping_status":"closed","sticky":false,"template":"","format":"standard","meta":[],"categories":[9],"tags":[],"_links":{"self":[{"href":"https:\/\/www.actualidadadiario.com\/index.php\/wp-json\/wp\/v2\/posts\/76909"}],"collection":[{"href":"https:\/\/www.actualidadadiario.com\/index.php\/wp-json\/wp\/v2\/posts"}],"about":[{"href":"https:\/\/www.actualidadadiario.com\/index.php\/wp-json\/wp\/v2\/types\/post"}],"author":[{"embeddable":true,"href":"https:\/\/www.actualidadadiario.com\/index.php\/wp-json\/wp\/v2\/users\/3"}],"replies":[{"embeddable":true,"href":"https:\/\/www.actualidadadiario.com\/index.php\/wp-json\/wp\/v2\/comments?post=76909"}],"version-history":[{"count":1,"href":"https:\/\/www.actualidadadiario.com\/index.php\/wp-json\/wp\/v2\/posts\/76909\/revisions"}],"predecessor-version":[{"id":76910,"href":"https:\/\/www.actualidadadiario.com\/index.php\/wp-json\/wp\/v2\/posts\/76909\/revisions\/76910"}],"wp:featuredmedia":[{"embeddable":true,"href":"https:\/\/www.actualidadadiario.com\/index.php\/wp-json\/wp\/v2\/media\/66632"}],"wp:attachment":[{"href":"https:\/\/www.actualidadadiario.com\/index.php\/wp-json\/wp\/v2\/media?parent=76909"}],"wp:term":[{"taxonomy":"category","embeddable":true,"href":"https:\/\/www.actualidadadiario.com\/index.php\/wp-json\/wp\/v2\/categories?post=76909"},{"taxonomy":"post_tag","embeddable":true,"href":"https:\/\/www.actualidadadiario.com\/index.php\/wp-json\/wp\/v2\/tags?post=76909"}],"curies":[{"name":"wp","href":"https:\/\/api.w.org\/{rel}","templated":true}]}}