{"id":76904,"date":"2021-08-24T14:23:02","date_gmt":"2021-08-24T17:23:02","guid":{"rendered":"https:\/\/www.actualidadadiario.com\/?p=76904"},"modified":"2021-08-24T14:23:02","modified_gmt":"2021-08-24T17:23:02","slug":"la-camara-de-casacion-penal-de-concordia-jurara-este-martes","status":"publish","type":"post","link":"https:\/\/www.actualidadadiario.com\/index.php\/2021\/08\/24\/la-camara-de-casacion-penal-de-concordia-jurara-este-martes\/","title":{"rendered":"La C\u00e1mara de Casaci\u00f3n Penal de Concordia jurar\u00e1 este martes"},"content":{"rendered":"<p style=\"text-align: center;\"><em><strong>En un acto a realizarse este martes a las 15:30 en el Centro de Convenciones de Concordia, las vocales Mar\u00eda Evangelina Bruzzo y Mar\u00eda del Luj\u00e1n Giorgio y el vocal Dar\u00edo Gustavo Perroud prestar\u00e1n juramento como integrantes de la Sala II de la C\u00e1mara de Casaci\u00f3n Penal<\/strong><\/em><\/p>\n<p>&nbsp;<\/p>\n<p>&nbsp;<\/p>\n<p>Adem\u00e1s, har\u00e1 lo propio la jueza de Familia y Penal de Ni\u00f1os y Adolescentes, Noel\u00ed Ballhorst. La ceremonia ser\u00e1 presidida por el presidente del Superior Tribunal de Justicia Mart\u00edn Carbonell, y dem\u00e1s integrantes del Alto Cuerpo.<\/p>\n<p>Previo al acto de jura de los funcionarios judiciales, el STJ mantendr\u00e1 la reuni\u00f3n de Acuerdos en el sal\u00f3n del Colegio de la Abogac\u00eda de esa ciudad.<\/p>\n","protected":false},"excerpt":{"rendered":"<p>En un acto a realizarse este martes a las 15:30 en el Centro de Convenciones de Concordia, las vocales Mar\u00eda Evangelina Bruzzo y Mar\u00eda del Luj\u00e1n Giorgio y el vocal Dar\u00edo Gustavo Perroud prestar\u00e1n juramento como integrantes de la Sala II de la C\u00e1mara de Casaci\u00f3n Penal &nbsp; &nbsp; Adem\u00e1s, har\u00e1 lo propio la jueza de Familia y Penal de Ni\u00f1os y Adolescentes, Noel\u00ed Ballhorst. La ceremonia ser\u00e1 presidida por el presidente del Superior Tribunal de Justicia Mart\u00edn Carbonell, y dem\u00e1s integrantes del Alto Cuerpo. Previo al acto de jura&#8230;<\/p>\n","protected":false},"author":3,"featured_media":76905,"comment_status":"closed","ping_status":"closed","sticky":false,"template":"","format":"standard","meta":[],"categories":[15],"tags":[],"_links":{"self":[{"href":"https:\/\/www.actualidadadiario.com\/index.php\/wp-json\/wp\/v2\/posts\/76904"}],"collection":[{"href":"https:\/\/www.actualidadadiario.com\/index.php\/wp-json\/wp\/v2\/posts"}],"about":[{"href":"https:\/\/www.actualidadadiario.com\/index.php\/wp-json\/wp\/v2\/types\/post"}],"author":[{"embeddable":true,"href":"https:\/\/www.actualidadadiario.com\/index.php\/wp-json\/wp\/v2\/users\/3"}],"replies":[{"embeddable":true,"href":"https:\/\/www.actualidadadiario.com\/index.php\/wp-json\/wp\/v2\/comments?post=76904"}],"version-history":[{"count":1,"href":"https:\/\/www.actualidadadiario.com\/index.php\/wp-json\/wp\/v2\/posts\/76904\/revisions"}],"predecessor-version":[{"id":76906,"href":"https:\/\/www.actualidadadiario.com\/index.php\/wp-json\/wp\/v2\/posts\/76904\/revisions\/76906"}],"wp:featuredmedia":[{"embeddable":true,"href":"https:\/\/www.actualidadadiario.com\/index.php\/wp-json\/wp\/v2\/media\/76905"}],"wp:attachment":[{"href":"https:\/\/www.actualidadadiario.com\/index.php\/wp-json\/wp\/v2\/media?parent=76904"}],"wp:term":[{"taxonomy":"category","embeddable":true,"href":"https:\/\/www.actualidadadiario.com\/index.php\/wp-json\/wp\/v2\/categories?post=76904"},{"taxonomy":"post_tag","embeddable":true,"href":"https:\/\/www.actualidadadiario.com\/index.php\/wp-json\/wp\/v2\/tags?post=76904"}],"curies":[{"name":"wp","href":"https:\/\/api.w.org\/{rel}","templated":true}]}}