{"id":76901,"date":"2021-08-24T14:22:20","date_gmt":"2021-08-24T17:22:20","guid":{"rendered":"https:\/\/www.actualidadadiario.com\/?p=76901"},"modified":"2021-08-24T14:22:20","modified_gmt":"2021-08-24T17:22:20","slug":"la-camara-de-diputados-tendra-una-nueva-instancia-de-capacitacion-en-genero","status":"publish","type":"post","link":"https:\/\/www.actualidadadiario.com\/index.php\/2021\/08\/24\/la-camara-de-diputados-tendra-una-nueva-instancia-de-capacitacion-en-genero\/","title":{"rendered":"La C\u00e1mara de Diputados tendr\u00e1 una nueva instancia de capacitaci\u00f3n en g\u00e9nero"},"content":{"rendered":"<p style=\"text-align: center;\"><em><strong>En el marco de la Ley Nacional 27499 Ley Micaela y su adhesi\u00f3n provincial a partir de la Ley 10768, autoridades de la C\u00e1mara, diputadas y diputados continuar\u00e1n con su capacitaci\u00f3n obligatoria en g\u00e9nero y violencia contra las mujeres<\/strong><\/em><\/p>\n<p>&nbsp;<\/p>\n<p>&nbsp;<\/p>\n<p>&nbsp;<\/p>\n<p>Este mi\u00e9rcoles a las 14:30 la C\u00e1mara de Diputados de Entre R\u00edos realizar\u00e1 su tercera capacitaci\u00f3n en g\u00e9nero y violencia contra las mujeres para autoridades, diputadas y diputados. El encuentro se centrar\u00e1 en el eje &#8220;Violencias basadas en el g\u00e9nero como problem\u00e1tica&#8221;.<\/p>\n<p>La jornada se enmarca en la Ley Nacional 27.499 (conocida como Ley Micaela), que establece la capacitaci\u00f3n obligatoria en g\u00e9nero para todas las personas que integran los tres poderes del Estado, y su adhesi\u00f3n provincial, la Ley 10.768, a partir de la cual tambi\u00e9n se cre\u00f3 el Observatorio de Seguimiento de Capacitaci\u00f3n en G\u00e9nero y Violencia contra las Mujeres.<\/p>\n<p>El presidente de la C\u00e1mara, \u00c1ngel Giano, destac\u00f3 la importancia de &#8220;trabajar entre todas y todos por erradicar esta problem\u00e1tica y brindar herramientas que nos permitan crecer como sociedad&#8221;.<\/p>\n<p>&#8220;Construimos a partir de estas instancias de intercambio y capacitaci\u00f3n un Estado m\u00e1s justo, m\u00e1s inclusivo y con menos desigualdades&#8221;, dijo Giano.<\/p>\n","protected":false},"excerpt":{"rendered":"<p>En el marco de la Ley Nacional 27499 Ley Micaela y su adhesi\u00f3n provincial a partir de la Ley 10768, autoridades de la C\u00e1mara, diputadas y diputados continuar\u00e1n con su capacitaci\u00f3n obligatoria en g\u00e9nero y violencia contra las mujeres &nbsp; &nbsp; &nbsp; Este mi\u00e9rcoles a las 14:30 la C\u00e1mara de Diputados de Entre R\u00edos realizar\u00e1 su tercera capacitaci\u00f3n en g\u00e9nero y violencia contra las mujeres para autoridades, diputadas y diputados. El encuentro se centrar\u00e1 en el eje &#8220;Violencias basadas en el g\u00e9nero como problem\u00e1tica&#8221;. La jornada se enmarca en la&#8230;<\/p>\n","protected":false},"author":3,"featured_media":76902,"comment_status":"closed","ping_status":"closed","sticky":false,"template":"","format":"standard","meta":[],"categories":[15],"tags":[],"_links":{"self":[{"href":"https:\/\/www.actualidadadiario.com\/index.php\/wp-json\/wp\/v2\/posts\/76901"}],"collection":[{"href":"https:\/\/www.actualidadadiario.com\/index.php\/wp-json\/wp\/v2\/posts"}],"about":[{"href":"https:\/\/www.actualidadadiario.com\/index.php\/wp-json\/wp\/v2\/types\/post"}],"author":[{"embeddable":true,"href":"https:\/\/www.actualidadadiario.com\/index.php\/wp-json\/wp\/v2\/users\/3"}],"replies":[{"embeddable":true,"href":"https:\/\/www.actualidadadiario.com\/index.php\/wp-json\/wp\/v2\/comments?post=76901"}],"version-history":[{"count":1,"href":"https:\/\/www.actualidadadiario.com\/index.php\/wp-json\/wp\/v2\/posts\/76901\/revisions"}],"predecessor-version":[{"id":76903,"href":"https:\/\/www.actualidadadiario.com\/index.php\/wp-json\/wp\/v2\/posts\/76901\/revisions\/76903"}],"wp:featuredmedia":[{"embeddable":true,"href":"https:\/\/www.actualidadadiario.com\/index.php\/wp-json\/wp\/v2\/media\/76902"}],"wp:attachment":[{"href":"https:\/\/www.actualidadadiario.com\/index.php\/wp-json\/wp\/v2\/media?parent=76901"}],"wp:term":[{"taxonomy":"category","embeddable":true,"href":"https:\/\/www.actualidadadiario.com\/index.php\/wp-json\/wp\/v2\/categories?post=76901"},{"taxonomy":"post_tag","embeddable":true,"href":"https:\/\/www.actualidadadiario.com\/index.php\/wp-json\/wp\/v2\/tags?post=76901"}],"curies":[{"name":"wp","href":"https:\/\/api.w.org\/{rel}","templated":true}]}}