{"id":76899,"date":"2021-08-24T14:21:39","date_gmt":"2021-08-24T17:21:39","guid":{"rendered":"https:\/\/www.actualidadadiario.com\/?p=76899"},"modified":"2021-08-24T14:21:39","modified_gmt":"2021-08-24T17:21:39","slug":"parana-en-situacion-critica-la-ocupacion-de-camas-de-terapia-intensiva-es-del-8276-por-ciento","status":"publish","type":"post","link":"https:\/\/www.actualidadadiario.com\/index.php\/2021\/08\/24\/parana-en-situacion-critica-la-ocupacion-de-camas-de-terapia-intensiva-es-del-8276-por-ciento\/","title":{"rendered":"Paran\u00e1 en situaci\u00f3n cr\u00edtica: la ocupaci\u00f3n de camas de terapia intensiva es del 82,76 por ciento"},"content":{"rendered":"<p style=\"text-align: center;\"><em><strong>El informe determina que hay dos ciudades de la provincia que tienen un elevado nivel de ocupaci\u00f3n de camas de terapia intensiva: Paran\u00e1 (82,76%) est\u00e1 en un nivel cr\u00edtico y Villaguay (75%) sigue en alerta<\/strong><\/em><\/p>\n<p>&nbsp;<\/p>\n<p>&nbsp;<\/p>\n<p>En tanto, a nivel provincial la ocupaci\u00f3n de camas descendi\u00f3 por debajo del 60 por ciento y, de este modo, sali\u00f3 del alerta: est\u00e1n ocupadas el 59,93 por ciento, de las cuales en un 35 por ciento hay internados pacientes con Covid-19.<\/p>\n<p>Es decir, hay 107 camas disponibles sobre las 267 con las que cuenta el sistema de salud entrerriano (p\u00fablico y privado).<\/p>\n","protected":false},"excerpt":{"rendered":"<p>El informe determina que hay dos ciudades de la provincia que tienen un elevado nivel de ocupaci\u00f3n de camas de terapia intensiva: Paran\u00e1 (82,76%) est\u00e1 en un nivel cr\u00edtico y Villaguay (75%) sigue en alerta &nbsp; &nbsp; En tanto, a nivel provincial la ocupaci\u00f3n de camas descendi\u00f3 por debajo del 60 por ciento y, de este modo, sali\u00f3 del alerta: est\u00e1n ocupadas el 59,93 por ciento, de las cuales en un 35 por ciento hay internados pacientes con Covid-19. Es decir, hay 107 camas disponibles sobre las 267 con las&#8230;<\/p>\n","protected":false},"author":3,"featured_media":74637,"comment_status":"closed","ping_status":"closed","sticky":false,"template":"","format":"standard","meta":[],"categories":[15],"tags":[],"_links":{"self":[{"href":"https:\/\/www.actualidadadiario.com\/index.php\/wp-json\/wp\/v2\/posts\/76899"}],"collection":[{"href":"https:\/\/www.actualidadadiario.com\/index.php\/wp-json\/wp\/v2\/posts"}],"about":[{"href":"https:\/\/www.actualidadadiario.com\/index.php\/wp-json\/wp\/v2\/types\/post"}],"author":[{"embeddable":true,"href":"https:\/\/www.actualidadadiario.com\/index.php\/wp-json\/wp\/v2\/users\/3"}],"replies":[{"embeddable":true,"href":"https:\/\/www.actualidadadiario.com\/index.php\/wp-json\/wp\/v2\/comments?post=76899"}],"version-history":[{"count":1,"href":"https:\/\/www.actualidadadiario.com\/index.php\/wp-json\/wp\/v2\/posts\/76899\/revisions"}],"predecessor-version":[{"id":76900,"href":"https:\/\/www.actualidadadiario.com\/index.php\/wp-json\/wp\/v2\/posts\/76899\/revisions\/76900"}],"wp:featuredmedia":[{"embeddable":true,"href":"https:\/\/www.actualidadadiario.com\/index.php\/wp-json\/wp\/v2\/media\/74637"}],"wp:attachment":[{"href":"https:\/\/www.actualidadadiario.com\/index.php\/wp-json\/wp\/v2\/media?parent=76899"}],"wp:term":[{"taxonomy":"category","embeddable":true,"href":"https:\/\/www.actualidadadiario.com\/index.php\/wp-json\/wp\/v2\/categories?post=76899"},{"taxonomy":"post_tag","embeddable":true,"href":"https:\/\/www.actualidadadiario.com\/index.php\/wp-json\/wp\/v2\/tags?post=76899"}],"curies":[{"name":"wp","href":"https:\/\/api.w.org\/{rel}","templated":true}]}}