{"id":76895,"date":"2021-08-24T14:20:32","date_gmt":"2021-08-24T17:20:32","guid":{"rendered":"https:\/\/www.actualidadadiario.com\/?p=76895"},"modified":"2021-08-24T14:20:50","modified_gmt":"2021-08-24T17:20:50","slug":"bordet-tenemos-una-mision-muy-importante-en-estas-elecciones","status":"publish","type":"post","link":"https:\/\/www.actualidadadiario.com\/index.php\/2021\/08\/24\/bordet-tenemos-una-mision-muy-importante-en-estas-elecciones\/","title":{"rendered":"Bordet: \u201cTenemos una misi\u00f3n muy importante en estas elecciones\u201d"},"content":{"rendered":"<p style=\"text-align: center;\"><em><strong>El gobernador Gustavo Bordet present\u00f3 los candidatos y candidatas a diputados nacionales del Frente de Todos en Victoria. Record\u00f3 las dificultades que atraves\u00f3 la provincia durante el gobierno de Cambiemos y llam\u00f3 a respaldar al presidente y la vicepresidenta para poder salir de la pandemia. \u201cTenemos una misi\u00f3n muy importante en estas elecciones\u201d, afirm\u00f3<\/strong><\/em><\/p>\n<p>&nbsp;<\/p>\n<p>&nbsp;<\/p>\n<p>\u201cEstoy muy feliz de estar en Victoria acompa\u00f1ado por Laura Stratta\u201d, expres\u00f3 el mandatario en la reuni\u00f3n que se llev\u00f3 a cabo en el Prado Espa\u00f1ol. Adem\u00e1s destac\u00f3 la trayectoria de las y los candidatos a diputados y diputadas nacionales. Estaban presentes Enrique Cresto, Carolina Gaillard, Tom\u00e1s Ledesma, Brenda Ulman y Lucas Larrarte.<\/p>\n<p>Ante dirigentes de todo el departamento, Bordet resalt\u00f3 la tarea de la vicegobernadora en el Ministerio de Desarrollo Social \u201cen tiempos realmente dif\u00edciles\u201d, dijo en referencia al gobierno de Cambiemos, y valor\u00f3 su compromiso \u201cpara evitar que los sectores m\u00e1s vulnerables de nuestra provincia se queden sin algo tan b\u00e1sico como el alimento, porque el gobierno nacional de aquel entonces hab\u00eda congelado los planes alimentarios&#8221;.<\/p>\n<p>Record\u00f3 que cuando termin\u00f3 el gobierno de Cambiemos la provincia aportaba el 80 por ciento de los recursos para los planes alimentarios y la Naci\u00f3n s\u00f3lo el 20 por ciento y habl\u00f3 del desaf\u00edo de cara a las PASO del 12 de septiembre. \u201cTenemos una misi\u00f3n muy importante en estas elecciones\u201d, afirm\u00f3, que es \u201cbrindar el respaldo popular a nuestro presidente y a nuestra vicepresidenta\u201d.<\/p>\n<p>\u201cDespu\u00e9s de los a\u00f1os dif\u00edciles de Macri, nos prepar\u00e1bamos para asumir con Alberto nuestra gesti\u00f3n el 10 de diciembre de 2019, ten\u00edamos una cantidad de objetivos, propuestas, metas, sue\u00f1os, y en el medio nos tom\u00f3 la pandemia. Nadie se prepara para gobernar sobre lo que no conoce, sobre lo incierto\u201d, resalt\u00f3 el mandatario.<\/p>\n<p>En esa l\u00ednea puso de relieve el trabajo desarrollado por el gobierno nacional del Frente de Todos, en conjunto con las provincias, para \u201cponer en marcha un sistema de salud que hab\u00eda sido degradado al rango de secretar\u00eda\u201d, y destac\u00f3 que \u201cArgentina fue uno de los primeros pa\u00edses en traer vacunas y empezar la inmunizar a su poblaci\u00f3n\u201d.<\/p>\n<p>\u201cPareciera que ac\u00e1 no pas\u00f3 nada. No pasaron cosas, como dijo Macri, pas\u00f3 una pandemia. De 19 meses de gesti\u00f3n, 16 fueron en emergencia sanitario, pero no por eso dejamos de generar las obras p\u00fablicas que necesita la provincia\u201d, se\u00f1al\u00f3 el mandatario.<\/p>\n<p>&nbsp;<\/p>\n<p><strong>Trabajo, sacrificio y amor al pr\u00f3jimo<\/strong><\/p>\n<p>A su turno, Stratta destac\u00f3 a las candidatas y los candidatos del Frente de Todos \u201cnacieron en nuestra tierra, la quieren y la recorren. Son ellos y son ellas quienes van a ser nuestra voz en el Congreso de la Naci\u00f3n\u201d.<\/p>\n<p>A su vez, indic\u00f3 que \u201cesta pandemia nos ha ense\u00f1ado que nadie se salva solo, sino que desde la solidaridad y la convicci\u00f3n y desde el amor\u201d, y que \u201cesa ha sido nuestra gu\u00eda permanente cuando hemos sido gesti\u00f3n de gobierno y nos ha tocado gobernar en tiempos de Mauricio Macri, donde trabajamos para mitigar las decisiones que afectaban a los sectores m\u00e1s vulnerables\u201d.<\/p>\n<p>En este contexto, evoc\u00f3 a Eva Per\u00f3n, al conmemorarse 70 a\u00f1os de su renunciamiento: \u201cElla dec\u00eda que el peronismo es trabajo, sacrificio y amor al pr\u00f3jimo. Por eso, hay que recoger bien fuerte su legado y multiplicar ese mensaje para llegar a cada victoriense y decirles que estamos, estuvimos y vamos a seguir estando, que no aparecemos \u00fanicamente en las elecciones\u201d.<\/p>\n<p>A su vez, hizo hincapi\u00e9 en las obras realizadas en la localidad durante la gesti\u00f3n actual, en donde resalt\u00f3 la inversi\u00f3n de \u201c1700 millones de pesos para obras en las escuelas, en el hospital, en la cuenca Ezpeleta, para el saneamiento y ampliaciones de la red de gas\u201d.<\/p>\n<p>En este sentido, indic\u00f3: \u201cEstas estaban paralizadas durante la gesti\u00f3n de Macri. Hoy, por ejemplo, de las dos escuelas, una ya est\u00e1 en obras y en la otra ya firmamos el contrato para que inicien los trabajos. Tambi\u00e9n los trabajos en la cuenca Ezpeleta, donde la \u00fanica parte que intervino la gesti\u00f3n anterior fue la que intervino el gobierno provincial y que hoy se est\u00e1 haciendo cargo el gobierno nacional a cargo de Alberto Fern\u00e1ndez y Cristina Kirchner\u201d.<\/p>\n<p>\u201cPor ello, hoy podemos mirar a las y los victorienses a la cara y podemos seguir so\u00f1ando la vida que queremos, que tenga que ver con el trabajo, con generar oportunidades, con acompa\u00f1ar a las y los emprendedores y con poner el o\u00eddo atento a lo que sucede alrededor para generar respuestas a las grandes demandas que nos plantea la sociedad\u201d, agreg\u00f3.<\/p>\n<p>&nbsp;<\/p>\n<p><strong>Una gran provincia en un modelo de pa\u00eds<\/strong><\/p>\n<p>A su turno, Cresto sostuvo que \u201csalir a la vida que queremos es dejar atr\u00e1s la pandemia con trabajo, producci\u00f3n y desarrollo. Esa vida que las entrerrianas y entrerrianos estamos recuperando, luego de haber transitado juntos momentos muy dif\u00edciles\u201d.<\/p>\n<p>Se\u00f1al\u00f3 que Entre R\u00edos es \u201cuna gran provincia en un modelo de pa\u00eds que incluye y fomenta el crecimiento\u201d, y que \u201cde eso estamos hablando con los entrerrianos y entrerrianas: de defender lo que logramos juntos, de no volver al pasado, de no repetir las recetas inviables del neoliberalismo y la especulaci\u00f3n financiera que tanto mal le hicieron al pa\u00eds y a Entre R\u00edos\u201d.<\/p>\n<p>\u201cHoy nuestra provincia es protagonista en la agenda del Gobierno Nacional. El gobernador Gustavo Bordet articula un trabajo conjunto con el Presidente Alberto Fern\u00e1ndez que todos acompa\u00f1amos y apoyamos desde el lugar y las responsabilidades que cada uno de nosotros ejerce. Esto ha posibilitado que nuestra provincia tenga hoy inversiones hist\u00f3ricas en obras, programas y pol\u00edticas p\u00fablicas que benefician a todos los entrerrianos y entrerrianas\u201d, apunt\u00f3 Cresto.<\/p>\n<p>Asimismo, propuso que \u201chabr\u00eda que preguntarle al Intendente de Victoria como le fue cuando gobernaba Macri y c\u00f3mo le va ahora, porque las obras que hoy tiene Victoria, y las que va a tener en los pr\u00f3ximos a\u00f1os, son obras que el Intendente reclam\u00f3 durante mucho tiempo sin tener \u00e9xito. Obras que benefician a todas las familias de esta localidad, sin importar la preferencia o el color pol\u00edtico de cada uno. Porque as\u00ed es como este Gobierno Nacional construye futuro en cada rinc\u00f3n de la Argentina\u201d, concluy\u00f3 el candidato del Frente de Todos.<\/p>\n<p>Acompa\u00f1aron la actividad la diputada nacional, Mayda Cresto, su par en la c\u00e1mara baja, Marcelo Casaretto, el ministro de Producci\u00f3n, Juan Jos\u00e9 Bahillo, autoridades, concejales, concejalas, y referentes del Frente de Todos en el departamento Victoria.<\/p>\n","protected":false},"excerpt":{"rendered":"<p>El gobernador Gustavo Bordet present\u00f3 los candidatos y candidatas a diputados nacionales del Frente de Todos en Victoria. Record\u00f3 las dificultades que atraves\u00f3 la provincia durante el gobierno de Cambiemos y llam\u00f3 a respaldar al presidente y la vicepresidenta para poder salir de la pandemia. \u201cTenemos una misi\u00f3n muy importante en estas elecciones\u201d, afirm\u00f3 &nbsp; &nbsp; \u201cEstoy muy feliz de estar en Victoria acompa\u00f1ado por Laura Stratta\u201d, expres\u00f3 el mandatario en la reuni\u00f3n que se llev\u00f3 a cabo en el Prado Espa\u00f1ol. Adem\u00e1s destac\u00f3 la trayectoria de las y los&#8230;<\/p>\n","protected":false},"author":3,"featured_media":76896,"comment_status":"closed","ping_status":"closed","sticky":false,"template":"","format":"standard","meta":[],"categories":[15],"tags":[],"_links":{"self":[{"href":"https:\/\/www.actualidadadiario.com\/index.php\/wp-json\/wp\/v2\/posts\/76895"}],"collection":[{"href":"https:\/\/www.actualidadadiario.com\/index.php\/wp-json\/wp\/v2\/posts"}],"about":[{"href":"https:\/\/www.actualidadadiario.com\/index.php\/wp-json\/wp\/v2\/types\/post"}],"author":[{"embeddable":true,"href":"https:\/\/www.actualidadadiario.com\/index.php\/wp-json\/wp\/v2\/users\/3"}],"replies":[{"embeddable":true,"href":"https:\/\/www.actualidadadiario.com\/index.php\/wp-json\/wp\/v2\/comments?post=76895"}],"version-history":[{"count":2,"href":"https:\/\/www.actualidadadiario.com\/index.php\/wp-json\/wp\/v2\/posts\/76895\/revisions"}],"predecessor-version":[{"id":76898,"href":"https:\/\/www.actualidadadiario.com\/index.php\/wp-json\/wp\/v2\/posts\/76895\/revisions\/76898"}],"wp:featuredmedia":[{"embeddable":true,"href":"https:\/\/www.actualidadadiario.com\/index.php\/wp-json\/wp\/v2\/media\/76896"}],"wp:attachment":[{"href":"https:\/\/www.actualidadadiario.com\/index.php\/wp-json\/wp\/v2\/media?parent=76895"}],"wp:term":[{"taxonomy":"category","embeddable":true,"href":"https:\/\/www.actualidadadiario.com\/index.php\/wp-json\/wp\/v2\/categories?post=76895"},{"taxonomy":"post_tag","embeddable":true,"href":"https:\/\/www.actualidadadiario.com\/index.php\/wp-json\/wp\/v2\/tags?post=76895"}],"curies":[{"name":"wp","href":"https:\/\/api.w.org\/{rel}","templated":true}]}}