{"id":76886,"date":"2021-08-24T14:14:43","date_gmt":"2021-08-24T17:14:43","guid":{"rendered":"https:\/\/www.actualidadadiario.com\/?p=76886"},"modified":"2021-08-24T14:14:43","modified_gmt":"2021-08-24T17:14:43","slug":"el-consejo-directivo-de-la-cgt-se-reune-para-convocar-a-un-congreso-nacional","status":"publish","type":"post","link":"https:\/\/www.actualidadadiario.com\/index.php\/2021\/08\/24\/el-consejo-directivo-de-la-cgt-se-reune-para-convocar-a-un-congreso-nacional\/","title":{"rendered":"El consejo directivo de la CGT se re\u00fane para convocar a un Congreso Nacional"},"content":{"rendered":"<p style=\"text-align: center;\"><em><strong>La conducci\u00f3n de la Confederaci\u00f3n General del Trabajo reunir\u00e1 a sus cuerpos org\u00e1nicos para renovar autoridades el 22 de septiembre y el 11 de noviembre. El 17 de octubre habr\u00e1 una marcha a Plaza de Mayo para conmemorar el D\u00eda de la Lealtad<\/strong><\/em><\/p>\n<p>&nbsp;<\/p>\n<p>&nbsp;<\/p>\n<p>El consejo directivo de la CGT se reunir\u00e1 este martes por la tarde para formalizar la convocatoria al Comit\u00e9 Central Confederal (CCC) y al Congreso Nacional para elegir nuevas autoridades que ocupar\u00e1n los cargos durante los pr\u00f3ximos cuatro a\u00f1os.<\/p>\n<p>La reuni\u00f3n est\u00e1 prevista para las 16:00, seg\u00fan informaron fuentes gremiales.<\/p>\n<p>Los integrantes del consejo directivo ya se reunieron la semana pasada y dispusieron realizar el pr\u00f3ximo 17 de octubre una marcha hacia la Plaza de Mayo para conmemorar el D\u00eda de la Lealtad Peronista y efectuar reuniones de sus cuerpos org\u00e1nicos para elegir nuevas autoridades el 22 de septiembre y el 11 de noviembre pr\u00f3ximo.<\/p>\n<p>De esta manera, la central obrera formalizar\u00e1, en una nueva reuni\u00f3n de consejo directivo, la convocatoria al Comit\u00e9 Central Confederal (CCC) y al Congreso Nacional de elecci\u00f3n de autoridades para esas fechas,<\/p>\n<p>El Confederal, instancia previa que debe convocar al Congreso Nacional, sesionar\u00e1 el 22 de septiembre pr\u00f3ximo, en tanto el encuentro para elegir nueva conducci\u00f3n deliberar\u00e1 el 11 de noviembre en las amplias instalaciones que los mercantiles tienen en Parque Norte.<\/p>\n","protected":false},"excerpt":{"rendered":"<p>La conducci\u00f3n de la Confederaci\u00f3n General del Trabajo reunir\u00e1 a sus cuerpos org\u00e1nicos para renovar autoridades el 22 de septiembre y el 11 de noviembre. El 17 de octubre habr\u00e1 una marcha a Plaza de Mayo para conmemorar el D\u00eda de la Lealtad &nbsp; &nbsp; El consejo directivo de la CGT se reunir\u00e1 este martes por la tarde para formalizar la convocatoria al Comit\u00e9 Central Confederal (CCC) y al Congreso Nacional para elegir nuevas autoridades que ocupar\u00e1n los cargos durante los pr\u00f3ximos cuatro a\u00f1os. La reuni\u00f3n est\u00e1 prevista para las&#8230;<\/p>\n","protected":false},"author":3,"featured_media":76615,"comment_status":"closed","ping_status":"closed","sticky":false,"template":"","format":"standard","meta":[],"categories":[18],"tags":[],"_links":{"self":[{"href":"https:\/\/www.actualidadadiario.com\/index.php\/wp-json\/wp\/v2\/posts\/76886"}],"collection":[{"href":"https:\/\/www.actualidadadiario.com\/index.php\/wp-json\/wp\/v2\/posts"}],"about":[{"href":"https:\/\/www.actualidadadiario.com\/index.php\/wp-json\/wp\/v2\/types\/post"}],"author":[{"embeddable":true,"href":"https:\/\/www.actualidadadiario.com\/index.php\/wp-json\/wp\/v2\/users\/3"}],"replies":[{"embeddable":true,"href":"https:\/\/www.actualidadadiario.com\/index.php\/wp-json\/wp\/v2\/comments?post=76886"}],"version-history":[{"count":1,"href":"https:\/\/www.actualidadadiario.com\/index.php\/wp-json\/wp\/v2\/posts\/76886\/revisions"}],"predecessor-version":[{"id":76887,"href":"https:\/\/www.actualidadadiario.com\/index.php\/wp-json\/wp\/v2\/posts\/76886\/revisions\/76887"}],"wp:featuredmedia":[{"embeddable":true,"href":"https:\/\/www.actualidadadiario.com\/index.php\/wp-json\/wp\/v2\/media\/76615"}],"wp:attachment":[{"href":"https:\/\/www.actualidadadiario.com\/index.php\/wp-json\/wp\/v2\/media?parent=76886"}],"wp:term":[{"taxonomy":"category","embeddable":true,"href":"https:\/\/www.actualidadadiario.com\/index.php\/wp-json\/wp\/v2\/categories?post=76886"},{"taxonomy":"post_tag","embeddable":true,"href":"https:\/\/www.actualidadadiario.com\/index.php\/wp-json\/wp\/v2\/tags?post=76886"}],"curies":[{"name":"wp","href":"https:\/\/api.w.org\/{rel}","templated":true}]}}