{"id":76881,"date":"2021-08-24T14:13:05","date_gmt":"2021-08-24T17:13:05","guid":{"rendered":"https:\/\/www.actualidadadiario.com\/?p=76881"},"modified":"2021-08-24T14:13:05","modified_gmt":"2021-08-24T17:13:05","slug":"martin-guzman-macri-endeudo-al-pais-en-us100-000-millones","status":"publish","type":"post","link":"https:\/\/www.actualidadadiario.com\/index.php\/2021\/08\/24\/martin-guzman-macri-endeudo-al-pais-en-us100-000-millones\/","title":{"rendered":"Mart\u00edn Guzm\u00e1n: &#8220;Macri endeud\u00f3 al pa\u00eds en u$s100.000 millones&#8221;"},"content":{"rendered":"<p style=\"text-align: center;\"><em><strong>&#8220;La administraci\u00f3n que m\u00e1s da\u00f1o hizo en menos tiempo fue Juntos por el Cambio&#8221;, dijo el ministro de Econom\u00eda. Tambi\u00e9n dijo que si viera a Macri le pedir\u00eda que no hable mal del pa\u00eds en el exterior<\/strong><\/em><\/p>\n<p>&nbsp;<\/p>\n<p>&nbsp;<\/p>\n<p>El ministro de Econom\u00eda, Mart\u00edn Guzm\u00e1n, pidi\u00f3 dejar de lado &#8220;las chicanas&#8221; y las frases &#8220;marketineras&#8221; en alusi\u00f3n al discurso y la comunicaci\u00f3n de Juntos por el Cambio, al tiempo que se\u00f1al\u00f3 que el gobierno anterior &#8220;endeud\u00f3 al pa\u00eds en u$s100.000 millones&#8221;. Desde el Frente de Todos &#8220;no hablamos de lluvia de inversiones, sino de construir una Argentina m\u00e1s tranquila&#8221;, remat\u00f3.<\/p>\n<p>A pocas semanas de las Primarias Abiertas, Simultaneas y Obligatorias, los funcionarios del Gobierno, al igual que los miembros de la oposici\u00f3n, caminan los estudios de TV y radio para dar a conocer a votantes propios y ajenos la mirada sobre la actualidad argentina. Este lunes por la noche, Guzm\u00e1n habl\u00f3 con el canal A24 donde se refiri\u00f3 a la realidad econ\u00f3mica del pa\u00eds y tambi\u00e9n dispar\u00f3 contra la oposici\u00f3n.<\/p>\n<p>El ministro, en un mensaje hacia los principales l\u00edderes de la oposici\u00f3n, cuestion\u00f3 por un lado los discursos basados en las chicanas y por otro la utilizaci\u00f3n de &#8220;frases marketineras&#8221; sin sustento. &#8220;Nosotros no hablamos de &#8216;lluvia de inversiones&#8217;, sino de construir una Argentina m\u00e1s tranquila, con m\u00e1s trabajo, m\u00e1s valor agregado e inversi\u00f3n. Hoy lo que est\u00e1 ocurriendo es que est\u00e1 creciendo el trabajo y la inversi\u00f3n&#8221;, dijo.<\/p>\n<p>Asimismo, manifest\u00f3 que hoy en d\u00eda &#8220;en la Argentina se est\u00e1 generando empleo, comparado con el 2019&#8221;, aunque reconoci\u00f3 que &#8220;a muchos no les llega por la pandemia, pero se los protege&#8221;. Sin embargo, dijo que en el pa\u00eds &#8220;tenemos un problema grande de informalidad laboral&#8221; y remarc\u00f3 que principalmente es debido al impacto que han tenido tres modelos econ\u00f3micos: &#8220;Unos fueron las pol\u00edticas econ\u00f3micas del 2015 al 2019, otro del 76 al 83 y otro el consenso de Washington en la d\u00e9cada del 90. Eso le hizo da\u00f1o a mucha gente y hay que darlo vuelta&#8221;.<\/p>\n<p>Al ser consultado sobre el peor gobierno desde el retorno a la democracia, el ministro no dud\u00f3 en afirmar que &#8220;la administraci\u00f3n que m\u00e1s da\u00f1o hizo en menos tiempo fue Juntos por el Cambio&#8221; y le pidi\u00f3 a Mauricio Macri dejar de lado las cr\u00edticas hacia el pa\u00eds y tener un liderazgo l\u00facido.<\/p>\n<p>&#8220;Lo he escuchado en el mundo hablar de Argentina y hay que cuidarla. Cuando uno sale de Argentina a atacarla le hace mucho da\u00f1o. Eso no es sano. Como sociedad tenemos que fortalecernos. Hay que actuar con liderazgos lucidos, constructivos, mirando hacia adelante y corrigiendo los errores del pasado. Con respecto. Sobre la base de informaci\u00f3n correcta y no queriendo conducir a la sociedad a un lugar equivocado, no enga\u00f1ando. Le dir\u00eda que trabajemos sobre principios de c\u00f3mo actuamos y comunicamos que no sean los que dominaron entre 2015 y 2019&#8221;, se\u00f1al\u00f3.<\/p>\n<p>Respecto al endeudamiento del pa\u00eds, los principales l\u00edderes de la oposici\u00f3n manifestaron que el gobierno de Alberto Fern\u00e1ndez elev\u00f3 el nivel de toma de deuda que dej\u00f3 el macrismo en u$s30.000 millones, incluso por encima del per\u00edodo 2015-2019. A prop\u00f3sito de ello, Guzm\u00e1n neg\u00f3 rotundamente que esto fuera as\u00ed: &#8220;Juntos por el Cambio endeud\u00f3 al pa\u00eds en u$s100.000 millones&#8221;, dijo e incluso record\u00f3 que a fines de 2019 &#8220;cuando llegamos a la gesti\u00f3n la deuda en pesos estaba reperfilada&#8221;.<\/p>\n<p>Adem\u00e1s, agreg\u00f3 que producto de las limitaciones generadas por el alto endeudamiento del macrismo, Argentina no puede tomar deuda, aunque se\u00f1al\u00f3 que si pudiera, tampoco lo har\u00eda ya que &#8220;no queremos endeudarnos en d\u00f3lares&#8221;.<\/p>\n<p>Por otro lado, se\u00f1al\u00f3 que el Gobierno &#8220;busca \u201creducir la brecha cambiaria\u201d del d\u00f3lar al tiempo que descart\u00f3 una devaluaci\u00f3n del tipo de cambio. Sobre la inflaci\u00f3n dijo que espera que el pr\u00f3ximo mes se ubique por debajo del 3%. &#8220;El d\u00f3lar oficial estar\u00e1 en una tasa de devaluaci\u00f3n de 24% a fin de a\u00f1o&#8221;, sostuvo y a\u00f1adi\u00f3 que el valor promedio en diciembre rondar\u00e1 los $102,4.<\/p>\n<p>Otro de los temas que preocupa a la ciudadan\u00eda tiene que ver con el incremento de precios. &#8220;Vemos que la inflaci\u00f3n bajando, reduci\u00e9ndose mes a mes. Desde marzo viene ocurriendo y vemos que va a continuar ocurriendo, pero hay factores que afectan&#8221;, reconoci\u00f3 y puso como ejemplo el alza en los precios internacionales de los alimentos producto de la pandemia.<\/p>\n<p>Sin embargo, adelant\u00f3 que esperan una reducci\u00f3n al 2% mensual. &#8220;Lo que esperamos que la tasa de 3% se vaya reduciendo, que el pr\u00f3ximo mes baje a 2 y se mantenga&#8221;, expres\u00f3 el ministro.<\/p>\n<p>A prop\u00f3sito de un posible acuerdo con el Fondo Monetario Internacional, el funcionario neg\u00f3 que haya un preacuerdo firmado al se\u00f1alar que &#8220;todav\u00eda negociando&#8221;. En ese sentido, dijo que &#8220;es un proceso que contin\u00faa&#8221; y el objetivo fundamental es &#8220;cuidar al pueblo redefiniendo compromisos insostenibles que tom\u00f3 el gobierno anterior&#8221;.<\/p>\n","protected":false},"excerpt":{"rendered":"<p>&#8220;La administraci\u00f3n que m\u00e1s da\u00f1o hizo en menos tiempo fue Juntos por el Cambio&#8221;, dijo el ministro de Econom\u00eda. Tambi\u00e9n dijo que si viera a Macri le pedir\u00eda que no hable mal del pa\u00eds en el exterior &nbsp; &nbsp; El ministro de Econom\u00eda, Mart\u00edn Guzm\u00e1n, pidi\u00f3 dejar de lado &#8220;las chicanas&#8221; y las frases &#8220;marketineras&#8221; en alusi\u00f3n al discurso y la comunicaci\u00f3n de Juntos por el Cambio, al tiempo que se\u00f1al\u00f3 que el gobierno anterior &#8220;endeud\u00f3 al pa\u00eds en u$s100.000 millones&#8221;. Desde el Frente de Todos &#8220;no hablamos de lluvia&#8230;<\/p>\n","protected":false},"author":3,"featured_media":76882,"comment_status":"closed","ping_status":"closed","sticky":false,"template":"","format":"standard","meta":[],"categories":[18],"tags":[],"_links":{"self":[{"href":"https:\/\/www.actualidadadiario.com\/index.php\/wp-json\/wp\/v2\/posts\/76881"}],"collection":[{"href":"https:\/\/www.actualidadadiario.com\/index.php\/wp-json\/wp\/v2\/posts"}],"about":[{"href":"https:\/\/www.actualidadadiario.com\/index.php\/wp-json\/wp\/v2\/types\/post"}],"author":[{"embeddable":true,"href":"https:\/\/www.actualidadadiario.com\/index.php\/wp-json\/wp\/v2\/users\/3"}],"replies":[{"embeddable":true,"href":"https:\/\/www.actualidadadiario.com\/index.php\/wp-json\/wp\/v2\/comments?post=76881"}],"version-history":[{"count":1,"href":"https:\/\/www.actualidadadiario.com\/index.php\/wp-json\/wp\/v2\/posts\/76881\/revisions"}],"predecessor-version":[{"id":76883,"href":"https:\/\/www.actualidadadiario.com\/index.php\/wp-json\/wp\/v2\/posts\/76881\/revisions\/76883"}],"wp:featuredmedia":[{"embeddable":true,"href":"https:\/\/www.actualidadadiario.com\/index.php\/wp-json\/wp\/v2\/media\/76882"}],"wp:attachment":[{"href":"https:\/\/www.actualidadadiario.com\/index.php\/wp-json\/wp\/v2\/media?parent=76881"}],"wp:term":[{"taxonomy":"category","embeddable":true,"href":"https:\/\/www.actualidadadiario.com\/index.php\/wp-json\/wp\/v2\/categories?post=76881"},{"taxonomy":"post_tag","embeddable":true,"href":"https:\/\/www.actualidadadiario.com\/index.php\/wp-json\/wp\/v2\/tags?post=76881"}],"curies":[{"name":"wp","href":"https:\/\/api.w.org\/{rel}","templated":true}]}}