{"id":76878,"date":"2021-08-24T14:12:14","date_gmt":"2021-08-24T17:12:14","guid":{"rendered":"https:\/\/www.actualidadadiario.com\/?p=76878"},"modified":"2021-08-24T14:12:14","modified_gmt":"2021-08-24T17:12:14","slug":"marcos-pena-faurie-y-pompeo-imputados-por-el-envio-de-armamento-a-bolivia","status":"publish","type":"post","link":"https:\/\/www.actualidadadiario.com\/index.php\/2021\/08\/24\/marcos-pena-faurie-y-pompeo-imputados-por-el-envio-de-armamento-a-bolivia\/","title":{"rendered":"Marcos Pe\u00f1a, Faurie y Pompeo, imputados por el env\u00edo de armamento a Bolivia"},"content":{"rendered":"<p style=\"text-align: center;\"><em><strong>En la causa ya se encontraban en esa situaci\u00f3n procesal Mauricio Macri, Patricia Bullrich y Oscar Aguad, entre otros<\/strong><\/em><\/p>\n<p>&nbsp;<\/p>\n<p>&nbsp;<\/p>\n<p>El fiscal Claudio Navas Rial imput\u00f3 ayer al ex jefe de Gabinete Marcos Pe\u00f1a, al ex canciller Jorge Faurie y al e secretario de Asuntos Estrat\u00e9gicos Fulvio Pompeo por el posible delito de contrabando de armas y municiones al Estado Plurinacional de Bolivia en la previa al golpe militar contra el ex presidente Evo Morales.<\/p>\n<p>Estos nombres de ex funcionarios de Cambiemos se suman a los ya imputados en la causa, como el ex presidente Mauricio Macri, el ex embajador argentino en Bolivia Normando \u00c1lvarez Garc\u00eda, la ex ministra de Seguridad Patricia Bullrich, el ex jefe de la Gendarmer\u00eda Nacional Gerardo Otero y el ex ministro de Defensa Oscar Aguad.<\/p>\n<p>Las nuevas imputaciones responden a la ampliaci\u00f3n de la denuncia presentada por la ministra de Seguridad de la Naci\u00f3n, Sabina Frederic; por el ministro de Justicia y Derechos Humanos de la Naci\u00f3n, Mart\u00edn Soria; y por la titular de la Administraci\u00f3n Federal de Ingresos P\u00fablicos (AFIP), Mercedes Marc\u00f3 del Pont, quienes aportaron elementos sobre dos reuniones clave ocurridas el 12 de noviembre de 2019 en la Casa Rosada.<\/p>\n<p>En la primera de ellas, seg\u00fan describieron los denunciantes, el ex presidente Macri se habr\u00eda reunido en privado con Faurie, quien luego el encuentro habr\u00eda suscripto una &#8220;sospechosa nota, hasta ahora desconocida&#8221; mediante la cual solicitaba -por fuera del sistema electr\u00f3nico y obligatorio de comunicaciones oficiales- el env\u00edo de personal de la Gendarmer\u00eda Nacional a Bolivia, con el supuesto fin de defender la embajada argentina en ese pa\u00eds, que por entonces estaba a cargo de \u00c1lvarez Garc\u00eda.<\/p>\n<p>&nbsp;<\/p>\n<p><strong>Env\u00edo del material b\u00e9lico<\/strong><\/p>\n<p>La segunda reuni\u00f3n habr\u00eda tenido reuni\u00f3n en el despacho de Pe\u00f1a, con la participaci\u00f3n -entre otros- de Bullrich y de Otero, para organizar la log\u00edstica del env\u00edo del material b\u00e9lico por parte de las fuerzas nacionales a la Polic\u00eda y la Fuerza A\u00e9rea bolivianas el 13 de noviembre de 2019, es decir, al d\u00eda siguiente.<\/p>\n<p>En su resoluci\u00f3n, Navas Rial consider\u00f3 que &#8220;los elementos arrimados por los denunciantes en esta oportunidad permiten robustecer preliminarmente la hip\u00f3tesis del caso originalmente trazada, a la vez que justifican dirigir la atenci\u00f3n de la pesquisa a la conducta atribuida a los entonces jefe de Gabinete, Marcos Pe\u00f1a, al canciller, Jorge Faurie, y al secretario de Asuntos Estrat\u00e9gicos de la Naci\u00f3n, Fulvio Pompeo en cuanto a una supuesta participaci\u00f3n en la organizaci\u00f3n y desarrollo de las condiciones necesarias para el env\u00edo de los gendarmes y del material armament\u00edstico antes aludido, al Estado Plurinacional de Bolivia vulnerando el adecuado ejercicio de control del servicio aduanero&#8221;.<\/p>\n<p>Agreg\u00f3 que los hechos descriptos en sus dict\u00e1menes anteriores son los mismos que ahora se revelar\u00edan con m\u00e1s detalle y nuevas pruebas, por lo que afirm\u00f3 que &#8220;la acci\u00f3n penal se encuentra debidamente instada y est\u00e1 vigente&#8221;.<\/p>\n<p>Tambi\u00e9n expres\u00f3 que las medidas de prueba solicitadas por los denunciantes resultaban &#8220;conducentes para la averiguaci\u00f3n de la verdad&#8221;.<\/p>\n<p>El fiscal le solicit\u00f3 medidas de pruebas al juez en lo Penal Econ\u00f3mico Javier L\u00f3pez Biscayart, quien est\u00e1 a cargo del caso.<\/p>\n","protected":false},"excerpt":{"rendered":"<p>En la causa ya se encontraban en esa situaci\u00f3n procesal Mauricio Macri, Patricia Bullrich y Oscar Aguad, entre otros &nbsp; &nbsp; El fiscal Claudio Navas Rial imput\u00f3 ayer al ex jefe de Gabinete Marcos Pe\u00f1a, al ex canciller Jorge Faurie y al e secretario de Asuntos Estrat\u00e9gicos Fulvio Pompeo por el posible delito de contrabando de armas y municiones al Estado Plurinacional de Bolivia en la previa al golpe militar contra el ex presidente Evo Morales. Estos nombres de ex funcionarios de Cambiemos se suman a los ya imputados en&#8230;<\/p>\n","protected":false},"author":3,"featured_media":76879,"comment_status":"closed","ping_status":"closed","sticky":false,"template":"","format":"standard","meta":[],"categories":[18],"tags":[],"_links":{"self":[{"href":"https:\/\/www.actualidadadiario.com\/index.php\/wp-json\/wp\/v2\/posts\/76878"}],"collection":[{"href":"https:\/\/www.actualidadadiario.com\/index.php\/wp-json\/wp\/v2\/posts"}],"about":[{"href":"https:\/\/www.actualidadadiario.com\/index.php\/wp-json\/wp\/v2\/types\/post"}],"author":[{"embeddable":true,"href":"https:\/\/www.actualidadadiario.com\/index.php\/wp-json\/wp\/v2\/users\/3"}],"replies":[{"embeddable":true,"href":"https:\/\/www.actualidadadiario.com\/index.php\/wp-json\/wp\/v2\/comments?post=76878"}],"version-history":[{"count":1,"href":"https:\/\/www.actualidadadiario.com\/index.php\/wp-json\/wp\/v2\/posts\/76878\/revisions"}],"predecessor-version":[{"id":76880,"href":"https:\/\/www.actualidadadiario.com\/index.php\/wp-json\/wp\/v2\/posts\/76878\/revisions\/76880"}],"wp:featuredmedia":[{"embeddable":true,"href":"https:\/\/www.actualidadadiario.com\/index.php\/wp-json\/wp\/v2\/media\/76879"}],"wp:attachment":[{"href":"https:\/\/www.actualidadadiario.com\/index.php\/wp-json\/wp\/v2\/media?parent=76878"}],"wp:term":[{"taxonomy":"category","embeddable":true,"href":"https:\/\/www.actualidadadiario.com\/index.php\/wp-json\/wp\/v2\/categories?post=76878"},{"taxonomy":"post_tag","embeddable":true,"href":"https:\/\/www.actualidadadiario.com\/index.php\/wp-json\/wp\/v2\/tags?post=76878"}],"curies":[{"name":"wp","href":"https:\/\/api.w.org\/{rel}","templated":true}]}}