{"id":76876,"date":"2021-08-24T14:11:23","date_gmt":"2021-08-24T17:11:23","guid":{"rendered":"https:\/\/www.actualidadadiario.com\/?p=76876"},"modified":"2021-08-24T14:11:23","modified_gmt":"2021-08-24T17:11:23","slug":"trotta-se-reunio-con-especialistas-para-definir-medidas-para-incrementar-la-presencialidad","status":"publish","type":"post","link":"https:\/\/www.actualidadadiario.com\/index.php\/2021\/08\/24\/trotta-se-reunio-con-especialistas-para-definir-medidas-para-incrementar-la-presencialidad\/","title":{"rendered":"Trotta se reuni\u00f3 con especialistas para definir medidas para incrementar la presencialidad"},"content":{"rendered":"<p style=\"text-align: center;\"><em><strong>A partir de la mejora de los indicadores sanitarios, elaborar\u00e1n una propuesta integral que ser\u00e1 analizada por el Consejo Federal de Educaci\u00f3n. La importancia del avance de la vacunaci\u00f3n<\/strong><\/em><\/p>\n<p>&nbsp;<\/p>\n<p>&nbsp;<\/p>\n<p>El ministro de Educaci\u00f3n, Nicol\u00e1s Trotta, asegur\u00f3 que se eval\u00faa c\u00f3mo &#8220;intensificar la presencialidad&#8221; en el sistema educativo a partir de &#8220;las mejoras constantes que se verifican en los indicadores sanitarios y epidemiol\u00f3gicos&#8221; que hay en la Argentina, y adelant\u00f3 que el Consejo Federal de Educaci\u00f3n una propuesta en ese sentido.<\/p>\n<p>En declaraciones a canal 12 de C\u00f3rdoba, Trotta dijo que este martes continuar\u00e1 la reuni\u00f3n iniciada el lunes con los especialistas epidemiol\u00f3gicos de distintas representaciones institucionales para &#8220;seguir avanzando en los acuerdos y sugerencias sobre los protocolos&#8221; que luego &#8220;ser\u00e1n tratados&#8221; en el Consejo Federal de Educaci\u00f3n, particularmente en lo que se refiere a la presencialidad de las clases.<\/p>\n<p>&#8220;Ya vamos por la semana 13 de mejoras constantes y eso se viene reflejando en las distintas aperturas y en aspectos de la vida cotidiana de cada uno de nosotros&#8221;, resalt\u00f3 el titular de la cartera sanitaria nacional.<\/p>\n<p>El Consejo Federal de Educaci\u00f3n analizar\u00e1 en los pr\u00f3ximos d\u00edas una propuesta para incrementar la presencialidad en las aulas luego que Trotta, se reuniera con expertos para debatir esa estrategia, a partir de la mejora de los indicadores sanitarios.<\/p>\n<p>Trotta se reuni\u00f3 el lunes con especialistas en educaci\u00f3n, salud, epidemiolog\u00eda, higiene y seguridad e infraestructura escolar del Consejo Asesor para el Regreso a las Clases Presenciales.<\/p>\n<p>&#8220;Hemos convocado a especialistas para poder evaluar lo que han sido estas semanas luego de la \u00faltima reuni\u00f3n que mantuvimos y a partir de all\u00ed poder transitar cada una de las medidas que se est\u00e1n viendo reflejadas dentro de las aulas&#8221;, explic\u00f3 el titular de la cartera educativa en declaraciones a la prensa formuladas luego de la reuni\u00f3n.<\/p>\n<p>Mediante las conclusiones alcanzadas se comenz\u00f3 a elaborar una propuesta integral que ser\u00e1 presentada a la brevedad ante el Consejo Federal de Educaci\u00f3n para su validaci\u00f3n y aprobaci\u00f3n.<\/p>\n<p>&#8220;La realidad epidemiol\u00f3gica -ampli\u00f3 Trotta- est\u00e1 mostrando una fuerte mejora en los \u00faltimos meses, eso se debe al proceso de vacunaci\u00f3n que est\u00e1 transitando la sociedad, y a partir de all\u00ed hemos escuchado a los especialistas y analizamos la evidencia para poder adoptar una decisi\u00f3n&#8221;.<\/p>\n<p>Desde la cartera educativa se se\u00f1al\u00f3 a trav\u00e9s de un comunicado que &#8220;la mejora en los indicadores epidemiol\u00f3gicos junto al avance en el proceso de vacunaci\u00f3n y el aumento de las temperaturas en todo el territorio argentino abre una ventana de oportunidad para la elaboraci\u00f3n de nuevas instancias que contin\u00faen fortaleciendo la presencia en las aulas&#8221;.<\/p>\n<p>En ese sentido, asegur\u00f3 a la emisora cordobesa que a partir de los indicadores analizados, lo que estudia es &#8220;c\u00f3mo garantizar e intensificar la presencialidad con escuelas seguras&#8221;, teniendo en cuenta que &#8220;la poblaci\u00f3n escolar todav\u00eda no est\u00e1 vacunada&#8221; contra el coronavirus.<\/p>\n<p>&#8220;La pandemia no ha sido superada todav\u00eda y tenemos enormes desaf\u00edos con el riesgo latente e importante como lo es la variante Delta&#8221;, que ha tenido un impacto muy fuerte en el hemisferio norte pero no as\u00ed en Am\u00e9rica Latina, advirti\u00f3.<\/p>\n<p>En relaci\u00f3n a las condiciones sanitarias en las universidades nacionales, Trotta afirm\u00f3 que &#8220;todas&#8221; las casas de altos estudios &#8220;est\u00e1n en condiciones de volver a la presencialidad con los protocolos adecuados&#8221;<\/p>\n<p>Asimismo destac\u00f3 que el Gobierno nacional sigue avanzando en las pol\u00edticas p\u00fablicas para mejorar la infraestructura general escolar, &#8220;con un presupuesto que se ha sextuplicado&#8221;.<\/p>\n<p>Trotta a\u00f1adi\u00f3 que tambi\u00e9n se trabaja en achicar la brecha de la desigualdad en el acceso a la conectividad de internet, al resaltar que mediante el programa Conectar Igualdad &#8220;hasta el momento se ha invertido $20.000 millones para la fabricaci\u00f3n de 633.000 computadoras&#8221;.<\/p>\n","protected":false},"excerpt":{"rendered":"<p>A partir de la mejora de los indicadores sanitarios, elaborar\u00e1n una propuesta integral que ser\u00e1 analizada por el Consejo Federal de Educaci\u00f3n. La importancia del avance de la vacunaci\u00f3n &nbsp; &nbsp; El ministro de Educaci\u00f3n, Nicol\u00e1s Trotta, asegur\u00f3 que se eval\u00faa c\u00f3mo &#8220;intensificar la presencialidad&#8221; en el sistema educativo a partir de &#8220;las mejoras constantes que se verifican en los indicadores sanitarios y epidemiol\u00f3gicos&#8221; que hay en la Argentina, y adelant\u00f3 que el Consejo Federal de Educaci\u00f3n una propuesta en ese sentido. En declaraciones a canal 12 de C\u00f3rdoba, Trotta&#8230;<\/p>\n","protected":false},"author":3,"featured_media":76753,"comment_status":"closed","ping_status":"closed","sticky":false,"template":"","format":"standard","meta":[],"categories":[18],"tags":[],"_links":{"self":[{"href":"https:\/\/www.actualidadadiario.com\/index.php\/wp-json\/wp\/v2\/posts\/76876"}],"collection":[{"href":"https:\/\/www.actualidadadiario.com\/index.php\/wp-json\/wp\/v2\/posts"}],"about":[{"href":"https:\/\/www.actualidadadiario.com\/index.php\/wp-json\/wp\/v2\/types\/post"}],"author":[{"embeddable":true,"href":"https:\/\/www.actualidadadiario.com\/index.php\/wp-json\/wp\/v2\/users\/3"}],"replies":[{"embeddable":true,"href":"https:\/\/www.actualidadadiario.com\/index.php\/wp-json\/wp\/v2\/comments?post=76876"}],"version-history":[{"count":1,"href":"https:\/\/www.actualidadadiario.com\/index.php\/wp-json\/wp\/v2\/posts\/76876\/revisions"}],"predecessor-version":[{"id":76877,"href":"https:\/\/www.actualidadadiario.com\/index.php\/wp-json\/wp\/v2\/posts\/76876\/revisions\/76877"}],"wp:featuredmedia":[{"embeddable":true,"href":"https:\/\/www.actualidadadiario.com\/index.php\/wp-json\/wp\/v2\/media\/76753"}],"wp:attachment":[{"href":"https:\/\/www.actualidadadiario.com\/index.php\/wp-json\/wp\/v2\/media?parent=76876"}],"wp:term":[{"taxonomy":"category","embeddable":true,"href":"https:\/\/www.actualidadadiario.com\/index.php\/wp-json\/wp\/v2\/categories?post=76876"},{"taxonomy":"post_tag","embeddable":true,"href":"https:\/\/www.actualidadadiario.com\/index.php\/wp-json\/wp\/v2\/tags?post=76876"}],"curies":[{"name":"wp","href":"https:\/\/api.w.org\/{rel}","templated":true}]}}