{"id":76870,"date":"2021-08-24T14:09:42","date_gmt":"2021-08-24T17:09:42","guid":{"rendered":"https:\/\/www.actualidadadiario.com\/?p=76870"},"modified":"2021-08-24T14:09:42","modified_gmt":"2021-08-24T17:09:42","slug":"fin-de-las-sesiones-virtuales-en-el-congreso-se-planea-la-vuelta-a-la-presencialidad-plena-luego-de-las-paso","status":"publish","type":"post","link":"https:\/\/www.actualidadadiario.com\/index.php\/2021\/08\/24\/fin-de-las-sesiones-virtuales-en-el-congreso-se-planea-la-vuelta-a-la-presencialidad-plena-luego-de-las-paso\/","title":{"rendered":"Fin de las sesiones virtuales: en el Congreso se planea la vuelta a la presencialidad plena luego de las PASO"},"content":{"rendered":"<p style=\"text-align: center;\"><em><strong>En Diputados no asoma sesi\u00f3n hasta pasadas las elecciones primarias, sin protocolo vigente, la oposici\u00f3n presiona para la presencialidad total. En el Senado, luego de la \u00faltima sesi\u00f3n, se proyecta la primera reuni\u00f3n de comisi\u00f3n sin el sustento tecnol\u00f3gico de la videoconferencia<\/strong><\/em><\/p>\n<p>&nbsp;<\/p>\n<p>&nbsp;<\/p>\n<p>\u201cVa a ser presencial, te lo confirmo\u201d, dijo una alta fuente del bloque oficialista en la C\u00e1mara de Diputados a Data Clave. La consulta era sencilla, qu\u00e9 va a pasar cuando se retome la actividad en el recinto vencido el protocolo de sesiones virtuales desde el 23 de junio. El Frente de Todos tiene claro que lo peor de la pandemia ya pas\u00f3 y la vuelta a las votaciones ser\u00e1 con toda la n\u00f3mina de legisladores en sus bancas. Las im\u00e1genes que fueron una novedad a mediados del a\u00f1o pasado con todos los legisladores concertados desde una pantalla est\u00e1n a punto de ser parte de la historia legislativa.<\/p>\n<p>En el Senado, esta semana podr\u00eda darse un primer paso. El ministro Mart\u00edn Guzm\u00e1n prepara su arribo a la comisi\u00f3n Bicameral de Deuda Externa en medio de la disputa por el destino de los fondos especiales enviados por el FMI y el posible acuerdo por el pr\u00e9stamo otorgado al gobierno de Mauricio Macri. El Frente de Todos busca sacar r\u00e9dito electoral poniendo a la deuda externa en el centro del debate.<\/p>\n<p>La reuni\u00f3n de la comisi\u00f3n que preside el senador Jos\u00e9 Mayans ser\u00e1 la vuelta a la presencialidad en este tipo de encuentros en la C\u00e1mara alta. Desde el comienzo de la pandemia, en el Senado las comisiones fueron todas virtuales y las sesiones contaron con una participaci\u00f3n m\u00ednima de legisladores en el recinto.<\/p>\n<p>El argumento es que el avance de la vacunaci\u00f3n entre los diputados y senadores es tal que su gran mayor\u00eda tiene las dos dosis aplicadas. Algunos todav\u00eda esperan poder imponer alg\u00fan tipo de consideraci\u00f3n especial pero en la oposici\u00f3n pretenden volver a una normalidad plena.<\/p>\n<p>\u201cCreemos que con el requisito de las vacunas ya estamos en condiciones de volver a una presencialidad del 100% quiz\u00e1s con alguna consideraci\u00f3n especial para el que por alguna raz\u00f3n particular no se haya podido vacunar\u201d, dijo el diputado radical Facundo Suarez Lastra a Data Clave.<\/p>\n<p>&nbsp;<\/p>\n<p><strong>Agenda pendiente en Diputados<\/strong><\/p>\n<p>El Senado retom\u00f3 la actividad la semana pasada luego de un mes de vacaciones de invierno. La C\u00e1mara alta realiz\u00f3 una sesi\u00f3n con varios temas pendientes entre ellos, varios ascensos judiciales y proyectos de acuerdo entre el oficialismo y la oposici\u00f3n.<\/p>\n<p>En la C\u00e1mara baja el clima es distinto. Con los principales referentes y jefes de bloque, tanto oficialistas como opositores, metidos de lleno en la campa\u00f1a electoral, la principal opci\u00f3n que manejan autoridades legislativas es volver a convocar una sesi\u00f3n reci\u00e9n despu\u00e9s de las PASO.<\/p>\n<p>Entre las iniciativas pendientes se encuentra la ley de etiquetado frontal, la ley de humedales, la pr\u00f3rroga a la ley ovina y un proyecto del Ejecutivo ingresado la semana pasada para otorgar beneficios impositivos al sector industrial de la automotriz autopartista.<\/p>\n<p>El clima electoral, la polarizaci\u00f3n y los cruces por el Olivos Gate disminuyen el inter\u00e9s de un Frente de Todos volcado a la campa\u00f1a. En las filas de la oposici\u00f3n piden t\u00edmidamente una sesi\u00f3n antes de las elecciones pero los principales referentes del bloque est\u00e1n concentrados en las fuertes internas que tienen en Provincia de Buenos Aires y C\u00f3rdoba.<\/p>\n","protected":false},"excerpt":{"rendered":"<p>En Diputados no asoma sesi\u00f3n hasta pasadas las elecciones primarias, sin protocolo vigente, la oposici\u00f3n presiona para la presencialidad total. En el Senado, luego de la \u00faltima sesi\u00f3n, se proyecta la primera reuni\u00f3n de comisi\u00f3n sin el sustento tecnol\u00f3gico de la videoconferencia &nbsp; &nbsp; \u201cVa a ser presencial, te lo confirmo\u201d, dijo una alta fuente del bloque oficialista en la C\u00e1mara de Diputados a Data Clave. La consulta era sencilla, qu\u00e9 va a pasar cuando se retome la actividad en el recinto vencido el protocolo de sesiones virtuales desde el&#8230;<\/p>\n","protected":false},"author":3,"featured_media":76871,"comment_status":"closed","ping_status":"closed","sticky":false,"template":"","format":"standard","meta":[],"categories":[9],"tags":[],"_links":{"self":[{"href":"https:\/\/www.actualidadadiario.com\/index.php\/wp-json\/wp\/v2\/posts\/76870"}],"collection":[{"href":"https:\/\/www.actualidadadiario.com\/index.php\/wp-json\/wp\/v2\/posts"}],"about":[{"href":"https:\/\/www.actualidadadiario.com\/index.php\/wp-json\/wp\/v2\/types\/post"}],"author":[{"embeddable":true,"href":"https:\/\/www.actualidadadiario.com\/index.php\/wp-json\/wp\/v2\/users\/3"}],"replies":[{"embeddable":true,"href":"https:\/\/www.actualidadadiario.com\/index.php\/wp-json\/wp\/v2\/comments?post=76870"}],"version-history":[{"count":1,"href":"https:\/\/www.actualidadadiario.com\/index.php\/wp-json\/wp\/v2\/posts\/76870\/revisions"}],"predecessor-version":[{"id":76872,"href":"https:\/\/www.actualidadadiario.com\/index.php\/wp-json\/wp\/v2\/posts\/76870\/revisions\/76872"}],"wp:featuredmedia":[{"embeddable":true,"href":"https:\/\/www.actualidadadiario.com\/index.php\/wp-json\/wp\/v2\/media\/76871"}],"wp:attachment":[{"href":"https:\/\/www.actualidadadiario.com\/index.php\/wp-json\/wp\/v2\/media?parent=76870"}],"wp:term":[{"taxonomy":"category","embeddable":true,"href":"https:\/\/www.actualidadadiario.com\/index.php\/wp-json\/wp\/v2\/categories?post=76870"},{"taxonomy":"post_tag","embeddable":true,"href":"https:\/\/www.actualidadadiario.com\/index.php\/wp-json\/wp\/v2\/tags?post=76870"}],"curies":[{"name":"wp","href":"https:\/\/api.w.org\/{rel}","templated":true}]}}