{"id":76855,"date":"2021-08-24T14:03:48","date_gmt":"2021-08-24T17:03:48","guid":{"rendered":"https:\/\/www.actualidadadiario.com\/?p=76855"},"modified":"2021-08-24T14:03:48","modified_gmt":"2021-08-24T17:03:48","slug":"la-generacion-de-energias-renovables-alcanzo-un-nuevo-record","status":"publish","type":"post","link":"https:\/\/www.actualidadadiario.com\/index.php\/2021\/08\/24\/la-generacion-de-energias-renovables-alcanzo-un-nuevo-record\/","title":{"rendered":"La generaci\u00f3n de energ\u00edas renovables alcanz\u00f3 un nuevo r\u00e9cord"},"content":{"rendered":"<p style=\"text-align: center;\"><em><strong>El pico m\u00e1ximo hist\u00f3rico de abastecimiento de energ\u00eda el\u00e9ctrica por fuentes renovables se alcanz\u00f3 el domingo a las 17:05, En julio, del total de generaci\u00f3n, el 80,69% correspondi\u00f3 a energ\u00eda e\u00f3lica<\/strong><\/em><\/p>\n<p>&nbsp;<\/p>\n<p>&nbsp;<\/p>\n<p>La generaci\u00f3n el\u00e9ctrica a partir de energ\u00edas renovables alcanz\u00f3 un nuevo r\u00e9cord al cubrir el 24,72% de la demanda total nacional, inform\u00f3 este lunes la Secretar\u00eda de Energ\u00eda.<\/p>\n<p>El pico m\u00e1ximo hist\u00f3rico de abastecimiento de energ\u00eda el\u00e9ctrica por fuentes renovables se alcanz\u00f3 el domingo a las 17:05, cuando el 24,72% de la demanda total del Mercado El\u00e9ctrico Mayorista (MEM) fue provisto por energ\u00eda de este origen.<\/p>\n<p>Seg\u00fan los datos proporcionados por la Compa\u00f1\u00eda Administradora del Mercado Mayorista El\u00e9ctrico S.A. (Cammesa), el desempe\u00f1o del domingo permiti\u00f3 superar la marca anterior de 24,11%, correspondiente al 10 de julio a las 05:50.<\/p>\n<p>De los 3.166,39 MW que aportaron las energ\u00edas renovables en ese momento, el 71,46% correspondi\u00f3 a la tecnolog\u00eda e\u00f3lica, el 19,39% a la solar fotovoltaica, el 5,6% a las bioenerg\u00edas y el 3,55% a los peque\u00f1os aprovechamientos hidroel\u00e9ctricos (PAH).<\/p>\n<p>En julio, el abastecimiento promedio de la demanda total por fuentes renovables fue del 12,9%, un aumento considerable respecto al 11,5% de junio.<\/p>\n<p>En julio tambi\u00e9n se registr\u00f3 el m\u00e1ximo hist\u00f3rico de generaci\u00f3n el\u00e9ctrica a partir de fuentes renovables en el pa\u00eds, con un total de 1.600,4 GWh en el mes.<\/p>\n<p>De ese total de generaci\u00f3n, el 80,69% correspondi\u00f3 a energ\u00eda e\u00f3lica, el 8,7% a fotovoltaica (solar), el 6,57% a bioenerg\u00edas y 4,04% a los PAH.<\/p>\n<p>\u201cEstos indicadores marcan que seguimos avanzando en funci\u00f3n de los objetivos establecidos por la Ley 27.191 y de los compromisos manifestados por el presidente Alberto Fern\u00e1ndez en la Cumbre de L\u00edderes sobre el Clima 2021\u201d, manifest\u00f3 el secretario de Energ\u00eda, Dar\u00edo Mart\u00ednez.<\/p>\n<p>En este sentido, el subsecretario de Energ\u00eda El\u00e9ctrica, Federico Basualdo, asegur\u00f3 que el Estado nacional seguir\u00e1 &#8220;contribuyendo al crecimiento de las renovables en la matriz energ\u00e9tica nacional con iniciativas de apoyo a los proyectos que est\u00e1n avanzados, la liberaci\u00f3n de capacidad de transporte para nuevos proyectos y el fomento a los contratos entre privados\u201d.<\/p>\n<p>En este marco del crecimiento sostenido del sector renovable en la Argentina, durante julio y agosto se habilitaron cinco nuevos proyectos de generaci\u00f3n en las provincias de Buenos Aires (dos de biog\u00e1s), C\u00f3rdoba (dos PAH) y San Juan (un parque e\u00f3lico), que incorporaron en conjunto 103,22 MW de potencia instalada.<\/p>\n<p>Esta din\u00e1mica de crecimiento presenta asimismo continuidad respecto a los dos primeros trimestres de 2021, cuando se habilitaron 15 proyectos que incorporaron 569,84 MW de potencia instalada; y en relaci\u00f3n a 2020, cuando se a\u00f1adieron 1.524 MW a trav\u00e9s de 39 proyectos.<\/p>\n","protected":false},"excerpt":{"rendered":"<p>El pico m\u00e1ximo hist\u00f3rico de abastecimiento de energ\u00eda el\u00e9ctrica por fuentes renovables se alcanz\u00f3 el domingo a las 17:05, En julio, del total de generaci\u00f3n, el 80,69% correspondi\u00f3 a energ\u00eda e\u00f3lica &nbsp; &nbsp; La generaci\u00f3n el\u00e9ctrica a partir de energ\u00edas renovables alcanz\u00f3 un nuevo r\u00e9cord al cubrir el 24,72% de la demanda total nacional, inform\u00f3 este lunes la Secretar\u00eda de Energ\u00eda. El pico m\u00e1ximo hist\u00f3rico de abastecimiento de energ\u00eda el\u00e9ctrica por fuentes renovables se alcanz\u00f3 el domingo a las 17:05, cuando el 24,72% de la demanda total del Mercado El\u00e9ctrico&#8230;<\/p>\n","protected":false},"author":3,"featured_media":76856,"comment_status":"closed","ping_status":"closed","sticky":false,"template":"","format":"standard","meta":[],"categories":[2],"tags":[],"_links":{"self":[{"href":"https:\/\/www.actualidadadiario.com\/index.php\/wp-json\/wp\/v2\/posts\/76855"}],"collection":[{"href":"https:\/\/www.actualidadadiario.com\/index.php\/wp-json\/wp\/v2\/posts"}],"about":[{"href":"https:\/\/www.actualidadadiario.com\/index.php\/wp-json\/wp\/v2\/types\/post"}],"author":[{"embeddable":true,"href":"https:\/\/www.actualidadadiario.com\/index.php\/wp-json\/wp\/v2\/users\/3"}],"replies":[{"embeddable":true,"href":"https:\/\/www.actualidadadiario.com\/index.php\/wp-json\/wp\/v2\/comments?post=76855"}],"version-history":[{"count":1,"href":"https:\/\/www.actualidadadiario.com\/index.php\/wp-json\/wp\/v2\/posts\/76855\/revisions"}],"predecessor-version":[{"id":76857,"href":"https:\/\/www.actualidadadiario.com\/index.php\/wp-json\/wp\/v2\/posts\/76855\/revisions\/76857"}],"wp:featuredmedia":[{"embeddable":true,"href":"https:\/\/www.actualidadadiario.com\/index.php\/wp-json\/wp\/v2\/media\/76856"}],"wp:attachment":[{"href":"https:\/\/www.actualidadadiario.com\/index.php\/wp-json\/wp\/v2\/media?parent=76855"}],"wp:term":[{"taxonomy":"category","embeddable":true,"href":"https:\/\/www.actualidadadiario.com\/index.php\/wp-json\/wp\/v2\/categories?post=76855"},{"taxonomy":"post_tag","embeddable":true,"href":"https:\/\/www.actualidadadiario.com\/index.php\/wp-json\/wp\/v2\/tags?post=76855"}],"curies":[{"name":"wp","href":"https:\/\/api.w.org\/{rel}","templated":true}]}}