{"id":76850,"date":"2021-08-23T14:36:34","date_gmt":"2021-08-23T17:36:34","guid":{"rendered":"https:\/\/www.actualidadadiario.com\/?p=76850"},"modified":"2021-08-23T14:36:34","modified_gmt":"2021-08-23T17:36:34","slug":"marco-enriquez-ominami-anuncio-su-candidatura-y-ya-son-siete-los-candidatos-presidenciales","status":"publish","type":"post","link":"https:\/\/www.actualidadadiario.com\/index.php\/2021\/08\/23\/marco-enriquez-ominami-anuncio-su-candidatura-y-ya-son-siete-los-candidatos-presidenciales\/","title":{"rendered":"Marco Enr\u00edquez-Ominami anunci\u00f3 su candidatura y ya son siete los candidatos presidenciales"},"content":{"rendered":"<p style=\"text-align: center;\"><em><strong>El fundador del Grupo Puebla calific\u00f3 de &#8220;amenaza&#8221; la postulaci\u00f3n del candidato de derecha Sebasti\u00e1n Sichel. Se presentan adem\u00e1s Gabriel Boric, Jos\u00e9 Antonio Kast, Yasna Provoste, Franco Parisi y Diego Ancalao<\/strong><\/em><\/p>\n<p>&nbsp;<\/p>\n<p>&nbsp;<\/p>\n<p>El dirigente del chileno Partido Progresista (PRO) Marco Enr\u00edquez-Ominami confirm\u00f3 su aspiraci\u00f3n de ser candidato a presidente en las elecciones de noviembre pr\u00f3ximo, en un video en el que asegur\u00f3 que &#8220;Chile tiene que cambiar&#8221; y calific\u00f3 de &#8220;amenaza&#8221; la postulaci\u00f3n del candidato de derecha Sebasti\u00e1n Sichel.<\/p>\n<p>En un video publicado en su cuenta Twitter, el tambi\u00e9n fundador del Grupo de Puebla asegur\u00f3 que \u201cestamos en un momento distinto de nuestra historia, en un momento de esperanza, de un pueblo que cree y quiere un cambio, radical pero en paz\u201d.<\/p>\n<p>Dijo que ese \u201ccambio\u201d tiene \u201cuna amenaza: Sebasti\u00e1n Sichel, y su jefe, (el Presidente) Sebasti\u00e1n Pi\u00f1era, que es el verdadero candidato\u201d e indica que \u201cambos buscan desprestigiar, bloquear a la Convenci\u00f3n Constituyente, como lo dije, nuestra \u00fanica esperanza de justicia social, de m\u00e1s justicia\u201d.<\/p>\n<p>Tambi\u00e9n, el dirigente del PRO felicit\u00f3 el triunfo de la senadora Yasna Provoste dentro de las primarias de Unidad Constituyente (ex Concertaci\u00f3n), pero dijo que \u201ccon eso no alcanza\u201d para lograr un triunfo de la centroizquierda en las presidenciales.<\/p>\n<p>En el video prometi\u00f3 que \u201cvamos a caminar junto a chilenas y chilenos para construir ese camino, para un Gobierno de emergencia nacional\u201d.<\/p>\n<p>Ese Gobierno ser\u00eda para proteger a los chilenos \u201cen lo econ\u00f3mico, que est\u00e1n m\u00e1s pobres que antes, para enfrentar mejor la pandemia, para crear empleos de manera urgente, para reactivar la econom\u00eda, y que en el mediano plazo garantice m\u00e1s derechos, y que en el largo plazo cree un modelo de desarrollo distinto&#8221;.<\/p>\n<p>Enr\u00edquez-Ominami cerr\u00f3 haciendo un llamado a que \u201cel cambio es ahora, el cambio es hoy\u201d y ante esto presenta su candidatura presidencial, por cuarta ocasi\u00f3n, \u201cporque la esperanza de la gente est\u00e1 amenazada\u201d.<\/p>\n<p>Este anuncio de Enr\u00edquez-Ominami se da antes que, seg\u00fan anunci\u00f3 el Servicio Electoral (Servel) en un comunicado, este lunes vence el plazo para inscripci\u00f3n de candidatos presidenciales, y parlamentarios.<\/p>\n<p>Hasta ahora, van como candidatos oficiales para las elecciones presidenciales de noviembre Gabriel Boric (Apruebo Dignidad), Sebasti\u00e1n Sichel (Chile Podemos M\u00e1s), Jos\u00e9 Antonio Kast (Partido Republicano), Yasna Provoste (Unidad Constituyente), Franco Parisi (Partido de la Gente).<\/p>\n<p>A estos se sumaron estos d\u00edas Diego Ancalao (independiente de la Lista del Pueblo) y ahora Marco Enr\u00edquez-Ominami (PRO).<\/p>\n<p>Chile vivir\u00e1 una elecci\u00f3n presidencial y parlamentaria el domingo 21 de noviembre y un eventual balotaje el domingo 19 de diciembre de 2021, seg\u00fan el calendario del Servel.<\/p>\n","protected":false},"excerpt":{"rendered":"<p>El fundador del Grupo Puebla calific\u00f3 de &#8220;amenaza&#8221; la postulaci\u00f3n del candidato de derecha Sebasti\u00e1n Sichel. Se presentan adem\u00e1s Gabriel Boric, Jos\u00e9 Antonio Kast, Yasna Provoste, Franco Parisi y Diego Ancalao &nbsp; &nbsp; El dirigente del chileno Partido Progresista (PRO) Marco Enr\u00edquez-Ominami confirm\u00f3 su aspiraci\u00f3n de ser candidato a presidente en las elecciones de noviembre pr\u00f3ximo, en un video en el que asegur\u00f3 que &#8220;Chile tiene que cambiar&#8221; y calific\u00f3 de &#8220;amenaza&#8221; la postulaci\u00f3n del candidato de derecha Sebasti\u00e1n Sichel. En un video publicado en su cuenta Twitter, el tambi\u00e9n&#8230;<\/p>\n","protected":false},"author":3,"featured_media":76851,"comment_status":"closed","ping_status":"closed","sticky":false,"template":"","format":"standard","meta":[],"categories":[4],"tags":[],"_links":{"self":[{"href":"https:\/\/www.actualidadadiario.com\/index.php\/wp-json\/wp\/v2\/posts\/76850"}],"collection":[{"href":"https:\/\/www.actualidadadiario.com\/index.php\/wp-json\/wp\/v2\/posts"}],"about":[{"href":"https:\/\/www.actualidadadiario.com\/index.php\/wp-json\/wp\/v2\/types\/post"}],"author":[{"embeddable":true,"href":"https:\/\/www.actualidadadiario.com\/index.php\/wp-json\/wp\/v2\/users\/3"}],"replies":[{"embeddable":true,"href":"https:\/\/www.actualidadadiario.com\/index.php\/wp-json\/wp\/v2\/comments?post=76850"}],"version-history":[{"count":1,"href":"https:\/\/www.actualidadadiario.com\/index.php\/wp-json\/wp\/v2\/posts\/76850\/revisions"}],"predecessor-version":[{"id":76852,"href":"https:\/\/www.actualidadadiario.com\/index.php\/wp-json\/wp\/v2\/posts\/76850\/revisions\/76852"}],"wp:featuredmedia":[{"embeddable":true,"href":"https:\/\/www.actualidadadiario.com\/index.php\/wp-json\/wp\/v2\/media\/76851"}],"wp:attachment":[{"href":"https:\/\/www.actualidadadiario.com\/index.php\/wp-json\/wp\/v2\/media?parent=76850"}],"wp:term":[{"taxonomy":"category","embeddable":true,"href":"https:\/\/www.actualidadadiario.com\/index.php\/wp-json\/wp\/v2\/categories?post=76850"},{"taxonomy":"post_tag","embeddable":true,"href":"https:\/\/www.actualidadadiario.com\/index.php\/wp-json\/wp\/v2\/tags?post=76850"}],"curies":[{"name":"wp","href":"https:\/\/api.w.org\/{rel}","templated":true}]}}