{"id":76848,"date":"2021-08-23T14:35:52","date_gmt":"2021-08-23T17:35:52","guid":{"rendered":"https:\/\/www.actualidadadiario.com\/?p=76848"},"modified":"2021-08-23T14:35:52","modified_gmt":"2021-08-23T17:35:52","slug":"espana-levanta-la-cuarentena-obligatoria-para-el-ingreso-de-argentinos","status":"publish","type":"post","link":"https:\/\/www.actualidadadiario.com\/index.php\/2021\/08\/23\/espana-levanta-la-cuarentena-obligatoria-para-el-ingreso-de-argentinos\/","title":{"rendered":"Espa\u00f1a levanta la cuarentena obligatoria para el ingreso de argentinos"},"content":{"rendered":"<p style=\"text-align: center;\"><em><strong>De esta manera, los que viajen a partir de esta medida noche no tendr\u00e1n que hacer la cuarentena obligatoria de diez d\u00edas<\/strong><\/em><\/p>\n<p>&nbsp;<\/p>\n<p>&nbsp;<\/p>\n<p>El gobierno de Espa\u00f1a anunci\u00f3 que desde ma\u00f1ana se levantar\u00e1n las restricciones para el ingreso de argentinos, de manera tal que los que viajen a partir de esta medida noche &#8220;no&#8221; tendr\u00e1n que hacer la cuarentena obligatoria de diez d\u00edas.<\/p>\n<p>La medida se pondr\u00e1 en vigencia luego que la administraci\u00f3n de Pedro S\u00e1nchez decidi\u00f3 no extender el decreto sobre las restricciones vigentes durante la pandemia, que afectaba a viajeros de la Argentina, Brasil, Bolivia y Colombia, de Am\u00e9rica Latina, y Namibia y Sud\u00e1frica del continente africano.<\/p>\n<p>Desde principios de agosto se hab\u00eda implementado la mencionada restricci\u00f3n para evitar la propagaci\u00f3n de la cepa Delta, la nueva mutaci\u00f3n del coronavirus proveniente de la India.<\/p>\n<p>Ahora el pa\u00eds europeo liber\u00f3 de realizar la cuarentena a los turistas argentinos, que, s\u00ed deber\u00e1n tener el plan de vacunaci\u00f3n completo, con las dosis aprobadas por la agencia reguladora europea, EMA, o la OMS y, seg\u00fan trascendi\u00f3, los inmunizados con Sputnik V por ahora no podr\u00e1n viajar.<\/p>\n<p>Varios pa\u00edses de Am\u00e9rica Latina est\u00e1n considerados de &#8220;alto riesgo&#8221; epidemiol\u00f3gico, lo que hace que las llegadas est\u00e9n prohibidas a algunas otras naciones m\u00e1s all\u00e1 de que los viajeros tengan esquemas de vacunaci\u00f3n completa.<\/p>\n<p>La medida que se impuso por primera vez el 23 de julio, y que fue prorrogada el 7 del corriente hasta el 23 a la medianoche, no ser\u00e1 renovada por el ministerio de sanidad del gobierno espa\u00f1ol.<\/p>\n<p>La cancelaci\u00f3n de la pr\u00f3rroga tambi\u00e9n alcanzar\u00eda a la resoluci\u00f3n de Sanidad que pone a Argentina, y otros pa\u00edses de latinoamericanos como Colombia, en los supuestos que los \u00fanicos pasajeros admitidos sean aquellos que tengan pasaportes europeos, residencias en alguno de los pa\u00edses del espacio Schengen o las pocas excepciones para personal diplom\u00e1tico, aeron\u00e1utico, entre otros casos de una lista por motivos \u201cespeciales\u201d.<\/p>\n","protected":false},"excerpt":{"rendered":"<p>De esta manera, los que viajen a partir de esta medida noche no tendr\u00e1n que hacer la cuarentena obligatoria de diez d\u00edas &nbsp; &nbsp; El gobierno de Espa\u00f1a anunci\u00f3 que desde ma\u00f1ana se levantar\u00e1n las restricciones para el ingreso de argentinos, de manera tal que los que viajen a partir de esta medida noche &#8220;no&#8221; tendr\u00e1n que hacer la cuarentena obligatoria de diez d\u00edas. La medida se pondr\u00e1 en vigencia luego que la administraci\u00f3n de Pedro S\u00e1nchez decidi\u00f3 no extender el decreto sobre las restricciones vigentes durante la pandemia, que&#8230;<\/p>\n","protected":false},"author":3,"featured_media":75424,"comment_status":"closed","ping_status":"closed","sticky":false,"template":"","format":"standard","meta":[],"categories":[4],"tags":[],"_links":{"self":[{"href":"https:\/\/www.actualidadadiario.com\/index.php\/wp-json\/wp\/v2\/posts\/76848"}],"collection":[{"href":"https:\/\/www.actualidadadiario.com\/index.php\/wp-json\/wp\/v2\/posts"}],"about":[{"href":"https:\/\/www.actualidadadiario.com\/index.php\/wp-json\/wp\/v2\/types\/post"}],"author":[{"embeddable":true,"href":"https:\/\/www.actualidadadiario.com\/index.php\/wp-json\/wp\/v2\/users\/3"}],"replies":[{"embeddable":true,"href":"https:\/\/www.actualidadadiario.com\/index.php\/wp-json\/wp\/v2\/comments?post=76848"}],"version-history":[{"count":1,"href":"https:\/\/www.actualidadadiario.com\/index.php\/wp-json\/wp\/v2\/posts\/76848\/revisions"}],"predecessor-version":[{"id":76849,"href":"https:\/\/www.actualidadadiario.com\/index.php\/wp-json\/wp\/v2\/posts\/76848\/revisions\/76849"}],"wp:featuredmedia":[{"embeddable":true,"href":"https:\/\/www.actualidadadiario.com\/index.php\/wp-json\/wp\/v2\/media\/75424"}],"wp:attachment":[{"href":"https:\/\/www.actualidadadiario.com\/index.php\/wp-json\/wp\/v2\/media?parent=76848"}],"wp:term":[{"taxonomy":"category","embeddable":true,"href":"https:\/\/www.actualidadadiario.com\/index.php\/wp-json\/wp\/v2\/categories?post=76848"},{"taxonomy":"post_tag","embeddable":true,"href":"https:\/\/www.actualidadadiario.com\/index.php\/wp-json\/wp\/v2\/tags?post=76848"}],"curies":[{"name":"wp","href":"https:\/\/api.w.org\/{rel}","templated":true}]}}