{"id":76843,"date":"2021-08-23T14:34:33","date_gmt":"2021-08-23T17:34:33","guid":{"rendered":"https:\/\/www.actualidadadiario.com\/?p=76843"},"modified":"2021-08-23T14:34:33","modified_gmt":"2021-08-23T17:34:33","slug":"la-onu-confirmo-que-la-expresidenta-boliviana-anez-se-autolesiono","status":"publish","type":"post","link":"https:\/\/www.actualidadadiario.com\/index.php\/2021\/08\/23\/la-onu-confirmo-que-la-expresidenta-boliviana-anez-se-autolesiono\/","title":{"rendered":"La ONU confirm\u00f3 que la expresidenta boliviana \u00c1\u00f1ez se autolesion\u00f3"},"content":{"rendered":"<p style=\"text-align: center;\"><em><strong>La confirmaci\u00f3n de las lesiones surgi\u00f3 despu\u00e9s de que allegados a \u00c1\u00f1ez dijeran que la expresidenta intent\u00f3 quitarse la vida el s\u00e1bado, en tanto que el Gobierno se\u00f1al\u00f3 que ella sufri\u00f3 por mano propia lesiones que no revest\u00edan gravedad<\/strong><\/em><\/p>\n<p>&nbsp;<\/p>\n<p>&nbsp;<\/p>\n<p>La representaci\u00f3n en Bolivia de la Organizaci\u00f3n de Naciones Unidas (ONU) constat\u00f3 que la expresidenta de facto Jeanine \u00c1\u00f1ez se autolesion\u00f3 y permanec\u00eda recluida en una c\u00e1rcel de La Paz, debilitada y con problemas emocionales, se inform\u00f3 este lunes, mientras el ministro de Gobierno boliviano, Eduardo del Castillo, sali\u00f3 al cruce de los pedidos de libertad condicional al recordar que la exmandataria &#8220;quiso fugarse del pa\u00eds&#8221;.<\/p>\n<p>&#8220;ONU Bolivia tuvo acceso inmediato e irrestricto al centro (penitenciario), pudiendo entrevistar a la Sra. \u00c1\u00f1ez de manera confidencial. Se constataron lesiones autoinfligidas que requirieron asistencia m\u00e9dica&#8221;, dijo el organismo internacional en un comunicado difundido por la red social por Twitter.<\/p>\n<p>All\u00ed, indic\u00f3 que la exmandataria de facto &#8220;refiri\u00f3 sentirse f\u00edsicamente debilitada y profundamente afectada emocionalmente&#8221;.<\/p>\n<p>El documento fue emitido horas despu\u00e9s de que una delegaci\u00f3n del sistema de la ONU en el pa\u00eds, integrada por representantes de la Alto Comisionada para los Derechos Humanos (Acnudh) y ONU Mujeres, visitara a la exgobernante de facto.<\/p>\n<p>La confirmaci\u00f3n de las lesiones surgi\u00f3 despu\u00e9s de que allegados a \u00c1\u00f1ez dijeran que intent\u00f3 quitarse la vida el s\u00e1bado, en tanto que el Gobierno se\u00f1al\u00f3 que ella sufri\u00f3 por mano propia lesiones que no revest\u00edan gravedad.<\/p>\n<p>Seg\u00fan el comunicado de la ONU, \u00c1\u00f1ez recibi\u00f3 atenci\u00f3n m\u00e9dica oficial.<\/p>\n<p>\u00c1\u00f1ez est\u00e1 en detenci\u00f3n preventiva desde marzo, en espera de juicio como acusada del golpe de Estado de noviembre de 2019.<\/p>\n<p>Tras el intento de &#8220;autolesi\u00f3n&#8221; del s\u00e1bado y ante los pedidos de que la expresidenta de facto se defienda en libertad, el ministro de Gobierno, Eduardo Del Castillo, record\u00f3 este lunes que el tema recae en el Poder Judicial, pero que, en su momento, se consider\u00f3 que la exmandataria de facto pretend\u00eda \u201cfugarse del pa\u00eds\u201d.<\/p>\n<p>&#8220;No es un tema del \u00f3rgano Ejecutivo, es un tema del \u00f3rgano Judicial que tiene que determinar si esta persona se defiende en libertad o se defiende dentro de las celdas policiales&#8221;, indic\u00f3 Del Castillo, inform\u00f3 el medio local P\u00e1gina Siete.<\/p>\n<p>&#8220;Sin embargo, hay que recordar que esta se\u00f1ora pretend\u00eda fugarse del pa\u00eds cuando ten\u00eda una orden de aprehensi\u00f3n. Ten\u00eda boletos comprados por v\u00eda a\u00e9rea, por v\u00eda terrestre, y se encontraba escondida dentro de una cama; por tanto, exist\u00edan los suficientes riesgos procesales que determinaban que esta se\u00f1ora podr\u00eda fugarse del pa\u00eds. Esto lo ha analizado la Justicia oportunamente, por tanto, ha determinado que se defienda bajo detenci\u00f3n preventiva&#8221;, agreg\u00f3.<\/p>\n<p>Respecto a las denuncias por parte de parlamentarios de Comunidad Ciudadana de que no los dejan visitar a la exmandataria, Del Castillo reiter\u00f3 que se trata de una determinaci\u00f3n por el contexto de pandemia y que es producto de la solicitud del personal de salud.<\/p>\n<p>&#8220;La han visitado los m\u00e9dicos correspondientes, la han visitado los familiares correspondientes, la ha visitado la representante de Naciones Unidas (ONU) a la se\u00f1ora Jeanine A\u00f1ez, se han emitido los informes correspondientes. Sin embargo, por un tema de bioseguridad, no podemos abrir las c\u00e1rceles para que entren todos los ciudadanos&#8221;, asegur\u00f3 el funcionario.<\/p>\n<p>La ONU confirm\u00f3 que a \u00c1\u00f1ez le permitieron que uno de sus hijos pernocte con ella.<\/p>\n<p>Asimismo, indic\u00f3 en el comunicado que las normas internacionales establecen que las autoridades penitenciarias &#8220;deben implementar estrategias integrales de atenci\u00f3n y prevenci\u00f3n de autolesi\u00f3n y suicidio&#8221;.<\/p>\n<p>El texto consider\u00f3 adem\u00e1s &#8220;un buen paso&#8221; la decisi\u00f3n de las autoridades de efectuar una evaluaci\u00f3n psiqui\u00e1trica de \u00c1\u00f1ez, advirtiendo que tal estudio debe ser hecho con consentimiento previo y por profesionales id\u00f3neos e independientes.<\/p>\n","protected":false},"excerpt":{"rendered":"<p>La confirmaci\u00f3n de las lesiones surgi\u00f3 despu\u00e9s de que allegados a \u00c1\u00f1ez dijeran que la expresidenta intent\u00f3 quitarse la vida el s\u00e1bado, en tanto que el Gobierno se\u00f1al\u00f3 que ella sufri\u00f3 por mano propia lesiones que no revest\u00edan gravedad &nbsp; &nbsp; La representaci\u00f3n en Bolivia de la Organizaci\u00f3n de Naciones Unidas (ONU) constat\u00f3 que la expresidenta de facto Jeanine \u00c1\u00f1ez se autolesion\u00f3 y permanec\u00eda recluida en una c\u00e1rcel de La Paz, debilitada y con problemas emocionales, se inform\u00f3 este lunes, mientras el ministro de Gobierno boliviano, Eduardo del Castillo, sali\u00f3&#8230;<\/p>\n","protected":false},"author":3,"featured_media":71929,"comment_status":"closed","ping_status":"closed","sticky":false,"template":"","format":"standard","meta":[],"categories":[4],"tags":[],"_links":{"self":[{"href":"https:\/\/www.actualidadadiario.com\/index.php\/wp-json\/wp\/v2\/posts\/76843"}],"collection":[{"href":"https:\/\/www.actualidadadiario.com\/index.php\/wp-json\/wp\/v2\/posts"}],"about":[{"href":"https:\/\/www.actualidadadiario.com\/index.php\/wp-json\/wp\/v2\/types\/post"}],"author":[{"embeddable":true,"href":"https:\/\/www.actualidadadiario.com\/index.php\/wp-json\/wp\/v2\/users\/3"}],"replies":[{"embeddable":true,"href":"https:\/\/www.actualidadadiario.com\/index.php\/wp-json\/wp\/v2\/comments?post=76843"}],"version-history":[{"count":1,"href":"https:\/\/www.actualidadadiario.com\/index.php\/wp-json\/wp\/v2\/posts\/76843\/revisions"}],"predecessor-version":[{"id":76844,"href":"https:\/\/www.actualidadadiario.com\/index.php\/wp-json\/wp\/v2\/posts\/76843\/revisions\/76844"}],"wp:featuredmedia":[{"embeddable":true,"href":"https:\/\/www.actualidadadiario.com\/index.php\/wp-json\/wp\/v2\/media\/71929"}],"wp:attachment":[{"href":"https:\/\/www.actualidadadiario.com\/index.php\/wp-json\/wp\/v2\/media?parent=76843"}],"wp:term":[{"taxonomy":"category","embeddable":true,"href":"https:\/\/www.actualidadadiario.com\/index.php\/wp-json\/wp\/v2\/categories?post=76843"},{"taxonomy":"post_tag","embeddable":true,"href":"https:\/\/www.actualidadadiario.com\/index.php\/wp-json\/wp\/v2\/tags?post=76843"}],"curies":[{"name":"wp","href":"https:\/\/api.w.org\/{rel}","templated":true}]}}