{"id":76840,"date":"2021-08-23T14:33:42","date_gmt":"2021-08-23T17:33:42","guid":{"rendered":"https:\/\/www.actualidadadiario.com\/?p=76840"},"modified":"2021-08-23T14:33:42","modified_gmt":"2021-08-23T17:33:42","slug":"israel-designo-a-un-argentino-como-presidente-del-museo-del-holocausto","status":"publish","type":"post","link":"https:\/\/www.actualidadadiario.com\/index.php\/2021\/08\/23\/israel-designo-a-un-argentino-como-presidente-del-museo-del-holocausto\/","title":{"rendered":"Israel design\u00f3 a un argentino como presidente del Museo del Holocausto"},"content":{"rendered":"<p style=\"text-align: center;\"><em><strong>Se trata de Dani Dayan. Naci\u00f3 en la Argentina pero se radic\u00f3 en Israel. Fue diplom\u00e1tico. Estar\u00e1 a cargo del Memorial de la Shoah Yad Vasehm en Jerusal\u00e9n<\/strong><\/em><\/p>\n<p>&nbsp;<\/p>\n<p>&nbsp;<\/p>\n<p>Dani Dayan, diplom\u00e1tico de origen argentino fue designado por el gobierno de Israel como presidente del memorial de la Shoah Yad Vashem, el Museo del Holocausto que est\u00e1 en Jerusal\u00e9n. Los medios internacionales analizaban en las \u00faltimas horas que esta decisi\u00f3n pone punto final a la pol\u00e9mica que hab\u00eda suscitado el anterior primer ministro, cuando propuso a una controvertida figura de la derecha radical.<\/p>\n<p>Dayan fue c\u00f3nsul de Israel en Nueva York y dirigi\u00f3 el Consejo de Yesha, la principal organizaci\u00f3n que representa a los colonos israel\u00edes de Cisjordania. El ex primer ministro Benjamin Netanyahu hab\u00eda propuesto previamente como director a Effi Eitam, recuerdan este lunes los medios informativos internacionales. Pero como es un ex militar enrolado en la derecha radical con un historial de pol\u00e9micas declaraciones sobre palestinos y \u00e1rabes israel\u00edes, su figura resultaba urticante para la opini\u00f3n p\u00fablica.<\/p>\n<p>Investigadores, historiadores y supervivientes del genocidio jud\u00edo criticaron dicha elecci\u00f3n al entender que iba en contra de los valores de este museo, visitado antes de la pandemia por cientos de miles de personas y dignatarios extranjeros.<\/p>\n<p>Seg\u00fan inform\u00f3 la Agencia Jud\u00eda de Noticias (AJN), Dayan dej\u00f3 la Argentina a los 15 a\u00f1os, cuando emigr\u00f3 hacia Israel. &#8220;Cre\u00f3 una empresa de alta tecnolog\u00eda y luego la vendi\u00f3, abandonando el mundo de los negocios por la pol\u00edtica con la entonces singular misi\u00f3n de salvar el movimiento de asentamientos y preservar la Tierra de Israel&#8221;, destac\u00f3 la AJN.<\/p>\n<p>En 2007 fue elegido para dirigir el Consejo de Yesha. Secular y con dominio del espa\u00f1ol, el hebreo y el ingl\u00e9s, Dayan consigui\u00f3 tender puentes entre el Consejo y la corriente principal de Israel, as\u00ed como con la comunidad internacional.<\/p>\n<p>Como resultado, destac\u00f3 la AJN, se cre\u00f3 un puesto de enviado especial para \u00e9l en el consejo, incluso despu\u00e9s de que dejara su papel de l\u00edder en 2013. Benjam\u00edn Netanyahu lo nombr\u00f3 c\u00f3nsul general de Israel en Nueva York en 2016.<\/p>\n","protected":false},"excerpt":{"rendered":"<p>Se trata de Dani Dayan. Naci\u00f3 en la Argentina pero se radic\u00f3 en Israel. Fue diplom\u00e1tico. Estar\u00e1 a cargo del Memorial de la Shoah Yad Vasehm en Jerusal\u00e9n &nbsp; &nbsp; Dani Dayan, diplom\u00e1tico de origen argentino fue designado por el gobierno de Israel como presidente del memorial de la Shoah Yad Vashem, el Museo del Holocausto que est\u00e1 en Jerusal\u00e9n. Los medios internacionales analizaban en las \u00faltimas horas que esta decisi\u00f3n pone punto final a la pol\u00e9mica que hab\u00eda suscitado el anterior primer ministro, cuando propuso a una controvertida figura&#8230;<\/p>\n","protected":false},"author":3,"featured_media":76841,"comment_status":"closed","ping_status":"closed","sticky":false,"template":"","format":"standard","meta":[],"categories":[4],"tags":[],"_links":{"self":[{"href":"https:\/\/www.actualidadadiario.com\/index.php\/wp-json\/wp\/v2\/posts\/76840"}],"collection":[{"href":"https:\/\/www.actualidadadiario.com\/index.php\/wp-json\/wp\/v2\/posts"}],"about":[{"href":"https:\/\/www.actualidadadiario.com\/index.php\/wp-json\/wp\/v2\/types\/post"}],"author":[{"embeddable":true,"href":"https:\/\/www.actualidadadiario.com\/index.php\/wp-json\/wp\/v2\/users\/3"}],"replies":[{"embeddable":true,"href":"https:\/\/www.actualidadadiario.com\/index.php\/wp-json\/wp\/v2\/comments?post=76840"}],"version-history":[{"count":1,"href":"https:\/\/www.actualidadadiario.com\/index.php\/wp-json\/wp\/v2\/posts\/76840\/revisions"}],"predecessor-version":[{"id":76842,"href":"https:\/\/www.actualidadadiario.com\/index.php\/wp-json\/wp\/v2\/posts\/76840\/revisions\/76842"}],"wp:featuredmedia":[{"embeddable":true,"href":"https:\/\/www.actualidadadiario.com\/index.php\/wp-json\/wp\/v2\/media\/76841"}],"wp:attachment":[{"href":"https:\/\/www.actualidadadiario.com\/index.php\/wp-json\/wp\/v2\/media?parent=76840"}],"wp:term":[{"taxonomy":"category","embeddable":true,"href":"https:\/\/www.actualidadadiario.com\/index.php\/wp-json\/wp\/v2\/categories?post=76840"},{"taxonomy":"post_tag","embeddable":true,"href":"https:\/\/www.actualidadadiario.com\/index.php\/wp-json\/wp\/v2\/tags?post=76840"}],"curies":[{"name":"wp","href":"https:\/\/api.w.org\/{rel}","templated":true}]}}