{"id":76835,"date":"2021-08-23T12:11:53","date_gmt":"2021-08-23T15:11:53","guid":{"rendered":"https:\/\/www.actualidadadiario.com\/?p=76835"},"modified":"2021-08-23T12:11:53","modified_gmt":"2021-08-23T15:11:53","slug":"moroni-aseguro-que-reducir-la-jornada-laboral-no-crea-empleos","status":"publish","type":"post","link":"https:\/\/www.actualidadadiario.com\/index.php\/2021\/08\/23\/moroni-aseguro-que-reducir-la-jornada-laboral-no-crea-empleos\/","title":{"rendered":"Moroni asegur\u00f3 que reducir la jornada laboral no crea empleos"},"content":{"rendered":"<p style=\"text-align: center;\"><em><strong>El ministro de Trabajo se expres\u00f3 en l\u00ednea con su par de Desarrollo Productivo, Mat\u00edas Kulfas, quien la semana pasada asegur\u00f3 que &#8220;no es posible&#8221;<\/strong><\/em><\/p>\n<p>&nbsp;<\/p>\n<p>&nbsp;<\/p>\n<p>El ministro de Trabajo Claudio Moroni consider\u00f3 que una eventual reducci\u00f3n de la jornada laboral no crear\u00eda empleos, aunque admiti\u00f3 que se trata de &#8220;un tema para estudiar con paciencia y sin apurarse&#8221;.<\/p>\n<p>&#8220;No vemos que la reducci\u00f3n de la jornada laboral cree empleos. Pero es una cuesti\u00f3n que no se puede aplaudir ni descartar&#8221;, sostuvo el funcionario. As\u00ed, se expres\u00f3 en l\u00ednea con su par de Desarrollo Productivo, Mat\u00edas Kulfas, quien la semana pasada asegur\u00f3 que &#8220;no es posible&#8221; reducir la jornada laboral con igual salario, ya que las pymes no estar\u00edan en condiciones de aplicar esa medida.<\/p>\n<p>Ahora, Moroni coment\u00f3 en declaraciones radiales que &#8220;no vemos que la reducci\u00f3n de la jornada aumente el empleo, lo que hace es aumentar las horas suplementarias&#8221;. &#8220;Tampoco vemos que matem\u00e1ticamente la reducci\u00f3n de la jornada aumente el empleo. Y nadie lo implement\u00f3 de un d\u00eda para el otro&#8221;, a\u00f1adi\u00f3.<\/p>\n<p>Por otra parte, el titular de la cartera laboral se refiri\u00f3 a la evoluci\u00f3n del empleo en el pa\u00eds, en el marco de la pandemia empleo: &#8220;Tenemos sectores en los que est\u00e1 creciendo y otros donde no vemos el impacto&#8221;, se\u00f1al\u00f3. En ese sentido, dijo que &#8220;la industria manufacturera lleva 11 meses consecutivos de crecimiento de empleo, pero en otros sectores, como gastronom\u00eda, todav\u00eda no creci\u00f3&#8221;.<\/p>\n<p>El funcionario record\u00f3 que &#8220;llegamos a perder m\u00e1s de tres puntos de empleo en pandemia y ahora estamos en 1,6. Nos est\u00e1 faltando que crezcan los sectores que son grandes demandantes de empleo, como gastronom\u00eda y turismo&#8221;. El ministro explic\u00f3 que la tasa de desempleo &#8220;es hoy de 10,6%, pero en varones j\u00f3venes es m\u00e1s de 20% y en mujeres j\u00f3venes m\u00e1s del 30$. Tenemos un problema severo&#8221;. &#8220;No hay duda que el sector j\u00f3venes y mujeres j\u00f3venes son el sector m\u00e1s castigado en materia de empleo&#8221;, subray\u00f3.<\/p>\n<p>Con relaci\u00f3n a los salarios, resalt\u00f3: &#8220;Este a\u00f1o vienen ganando 0,8% desde diciembre. Hoy el salario real est\u00e1 un poco arriba de los niveles de diciembre de 2019. En este contexto, es algo bueno&#8221;. A su criterio, las paritarias &#8220;han demostrado que son un buen mecanismo para recuperar el salario de forma ordenada. El a\u00f1o pasado dimos aumentos por decreto porque nos pareci\u00f3 necesario. Hoy nos parece que lo que est\u00e1 en negociaci\u00f3n est\u00e1 funcionando bien&#8221;. Por \u00faltimo, Moroni tambi\u00e9n hizo referencia a la suba de precios: &#8220;Tuvimos una acelerada inflacionaria en el primer trimestre que nos desacomod\u00f3&#8221;, reconoci\u00f3.<\/p>\n","protected":false},"excerpt":{"rendered":"<p>El ministro de Trabajo se expres\u00f3 en l\u00ednea con su par de Desarrollo Productivo, Mat\u00edas Kulfas, quien la semana pasada asegur\u00f3 que &#8220;no es posible&#8221; &nbsp; &nbsp; El ministro de Trabajo Claudio Moroni consider\u00f3 que una eventual reducci\u00f3n de la jornada laboral no crear\u00eda empleos, aunque admiti\u00f3 que se trata de &#8220;un tema para estudiar con paciencia y sin apurarse&#8221;. &#8220;No vemos que la reducci\u00f3n de la jornada laboral cree empleos. Pero es una cuesti\u00f3n que no se puede aplaudir ni descartar&#8221;, sostuvo el funcionario. As\u00ed, se expres\u00f3 en l\u00ednea&#8230;<\/p>\n","protected":false},"author":3,"featured_media":59839,"comment_status":"closed","ping_status":"closed","sticky":false,"template":"","format":"standard","meta":[],"categories":[18],"tags":[],"_links":{"self":[{"href":"https:\/\/www.actualidadadiario.com\/index.php\/wp-json\/wp\/v2\/posts\/76835"}],"collection":[{"href":"https:\/\/www.actualidadadiario.com\/index.php\/wp-json\/wp\/v2\/posts"}],"about":[{"href":"https:\/\/www.actualidadadiario.com\/index.php\/wp-json\/wp\/v2\/types\/post"}],"author":[{"embeddable":true,"href":"https:\/\/www.actualidadadiario.com\/index.php\/wp-json\/wp\/v2\/users\/3"}],"replies":[{"embeddable":true,"href":"https:\/\/www.actualidadadiario.com\/index.php\/wp-json\/wp\/v2\/comments?post=76835"}],"version-history":[{"count":1,"href":"https:\/\/www.actualidadadiario.com\/index.php\/wp-json\/wp\/v2\/posts\/76835\/revisions"}],"predecessor-version":[{"id":76836,"href":"https:\/\/www.actualidadadiario.com\/index.php\/wp-json\/wp\/v2\/posts\/76835\/revisions\/76836"}],"wp:featuredmedia":[{"embeddable":true,"href":"https:\/\/www.actualidadadiario.com\/index.php\/wp-json\/wp\/v2\/media\/59839"}],"wp:attachment":[{"href":"https:\/\/www.actualidadadiario.com\/index.php\/wp-json\/wp\/v2\/media?parent=76835"}],"wp:term":[{"taxonomy":"category","embeddable":true,"href":"https:\/\/www.actualidadadiario.com\/index.php\/wp-json\/wp\/v2\/categories?post=76835"},{"taxonomy":"post_tag","embeddable":true,"href":"https:\/\/www.actualidadadiario.com\/index.php\/wp-json\/wp\/v2\/tags?post=76835"}],"curies":[{"name":"wp","href":"https:\/\/api.w.org\/{rel}","templated":true}]}}