{"id":76833,"date":"2021-08-23T12:10:58","date_gmt":"2021-08-23T15:10:58","guid":{"rendered":"https:\/\/www.actualidadadiario.com\/?p=76833"},"modified":"2021-08-23T12:10:58","modified_gmt":"2021-08-23T15:10:58","slug":"covid-19-vizzotti-confirmo-que-llegaran-mas-dosis-del-componente-2-de-sputnik-v","status":"publish","type":"post","link":"https:\/\/www.actualidadadiario.com\/index.php\/2021\/08\/23\/covid-19-vizzotti-confirmo-que-llegaran-mas-dosis-del-componente-2-de-sputnik-v\/","title":{"rendered":"Covid-19: Vizzotti confirm\u00f3 que llegar\u00e1n m\u00e1s dosis del componente 2 de Sputnik V"},"content":{"rendered":"<p style=\"text-align: center;\"><em><strong>La ministra de Salud confirm\u00f3 que este martes arribar\u00e1n al pa\u00eds dosis del componente 1 y 2 de Sputnik V, en un vuelo de Aerol\u00edneas Argentinas que parti\u00f3 el domingo por la noche desde Ezeiza con rumbo a Mosc\u00fa<\/strong><\/em><\/p>\n<p>&nbsp;<\/p>\n<p>&nbsp;<\/p>\n<p>La ministra de Salud, Carla Vizzotti, confirm\u00f3 que este martes arribar\u00e1n al pa\u00eds dosis del componente 1 y 2 de Sputnik V, en un vuelo de Aerol\u00edneas Argentinas que parti\u00f3 el domingo por la noche desde Ezeiza con rumbo a Mosc\u00fa.<\/p>\n<p>Adem\u00e1s, sostuvo que para esta semana se espera &#8220;tener la liberaci\u00f3n de ANMAT de alrededor de 600 mil dosis de componente 2 de Richmond para distribuir&#8221;.<\/p>\n<p>En tanto, afirm\u00f3 que desde el Gobierno tienen &#8220;la perspectiva de tener novedades pronto en relaci\u00f3n a la posibilidad de contar con vacunas para adolescentes&#8221;. &#8220;Antes de fin de a\u00f1o, sin lugar a dudas&#8221;, asegur\u00f3.<\/p>\n<p>&#8220;Somos muy pocos los pa\u00edses que estamos vacunando a adolescentes, y en Argentina empezamos con los adolescentes priorizados justamente por el riesgo individual&#8221;, remarc\u00f3. En la misma l\u00ednea, la funcionaria explic\u00f3 que a menores de 12 a\u00f1os &#8220;est\u00e1n vacunando en muy pocos pa\u00edses del mundo&#8221;. &#8220;China y Emiratos \u00c1rabes con las vacunas de Sinovac y Sinopharm, y Chile anunci\u00f3 que va a hacerlo a partir de octubre&#8221;, a\u00f1adi\u00f3.<\/p>\n<p>&#8220;Estamos trabajando fuertemente, como lo hicimos siempre, para poder recabar la mayor informaci\u00f3n posible y definir si esa informaci\u00f3n es suficiente para que ANMAT nos recomiende utilizarlas&#8221;, dijo al respecto.<\/p>\n<p>Respecto a la propagaci\u00f3n de la variante Delta en el pa\u00eds, Vizzotti se\u00f1al\u00f3 que el tema se est\u00e1 &#8220;siguiendo muy atentamente&#8221;. &#8220;Seguimos aislando personas que tienen relaci\u00f3n con los viajes, pero en C\u00f3rdoba y en la ciudad de Buenos Aires hay algunos casos que no tienen relaci\u00f3n entre ellos, sobre todo en C\u00f3rdoba, que no hab\u00edan encontrado nexo con viajero&#8221;, sostuvo.<\/p>\n<p>&#8220;Se sigue vigilando la circulaci\u00f3n, que a la fecha no es todav\u00eda predominante, pero ya est\u00e1 cerquita de ser comunitaria&#8221;, indic\u00f3 la ministra.<\/p>\n<p>Vizzotti destac\u00f3 que se est\u00e1 &#8220;muy cerca&#8221; de cumplir con el primer objetivo que defini\u00f3 la Comisi\u00f3n Nacional de Inmunizaciones junto al comit\u00e9 de expertos y el Consejo Federal de Salud, de llegar al 60% de cobertura con dos dosis de los mayores de 50.<\/p>\n<p>&#8220;Estamos arriba del 60% del total de la poblaci\u00f3n que inici\u00f3 el esquema de vacunaci\u00f3n, y arriba del 80% de los mayores de 18 a\u00f1os&#8221;, remarc\u00f3.<\/p>\n","protected":false},"excerpt":{"rendered":"<p>La ministra de Salud confirm\u00f3 que este martes arribar\u00e1n al pa\u00eds dosis del componente 1 y 2 de Sputnik V, en un vuelo de Aerol\u00edneas Argentinas que parti\u00f3 el domingo por la noche desde Ezeiza con rumbo a Mosc\u00fa &nbsp; &nbsp; La ministra de Salud, Carla Vizzotti, confirm\u00f3 que este martes arribar\u00e1n al pa\u00eds dosis del componente 1 y 2 de Sputnik V, en un vuelo de Aerol\u00edneas Argentinas que parti\u00f3 el domingo por la noche desde Ezeiza con rumbo a Mosc\u00fa. Adem\u00e1s, sostuvo que para esta semana se espera&#8230;<\/p>\n","protected":false},"author":3,"featured_media":71890,"comment_status":"closed","ping_status":"closed","sticky":false,"template":"","format":"standard","meta":[],"categories":[18],"tags":[],"_links":{"self":[{"href":"https:\/\/www.actualidadadiario.com\/index.php\/wp-json\/wp\/v2\/posts\/76833"}],"collection":[{"href":"https:\/\/www.actualidadadiario.com\/index.php\/wp-json\/wp\/v2\/posts"}],"about":[{"href":"https:\/\/www.actualidadadiario.com\/index.php\/wp-json\/wp\/v2\/types\/post"}],"author":[{"embeddable":true,"href":"https:\/\/www.actualidadadiario.com\/index.php\/wp-json\/wp\/v2\/users\/3"}],"replies":[{"embeddable":true,"href":"https:\/\/www.actualidadadiario.com\/index.php\/wp-json\/wp\/v2\/comments?post=76833"}],"version-history":[{"count":1,"href":"https:\/\/www.actualidadadiario.com\/index.php\/wp-json\/wp\/v2\/posts\/76833\/revisions"}],"predecessor-version":[{"id":76834,"href":"https:\/\/www.actualidadadiario.com\/index.php\/wp-json\/wp\/v2\/posts\/76833\/revisions\/76834"}],"wp:featuredmedia":[{"embeddable":true,"href":"https:\/\/www.actualidadadiario.com\/index.php\/wp-json\/wp\/v2\/media\/71890"}],"wp:attachment":[{"href":"https:\/\/www.actualidadadiario.com\/index.php\/wp-json\/wp\/v2\/media?parent=76833"}],"wp:term":[{"taxonomy":"category","embeddable":true,"href":"https:\/\/www.actualidadadiario.com\/index.php\/wp-json\/wp\/v2\/categories?post=76833"},{"taxonomy":"post_tag","embeddable":true,"href":"https:\/\/www.actualidadadiario.com\/index.php\/wp-json\/wp\/v2\/tags?post=76833"}],"curies":[{"name":"wp","href":"https:\/\/api.w.org\/{rel}","templated":true}]}}