{"id":76820,"date":"2021-08-23T12:06:04","date_gmt":"2021-08-23T15:06:04","guid":{"rendered":"https:\/\/www.actualidadadiario.com\/?p=76820"},"modified":"2021-08-23T12:06:04","modified_gmt":"2021-08-23T15:06:04","slug":"paso-en-las-provincias-que-ya-votaron-cayo-la-participacion-electoral-que-se-espera-para-las-primarias-de-septiembre","status":"publish","type":"post","link":"https:\/\/www.actualidadadiario.com\/index.php\/2021\/08\/23\/paso-en-las-provincias-que-ya-votaron-cayo-la-participacion-electoral-que-se-espera-para-las-primarias-de-septiembre\/","title":{"rendered":"PASO: en las provincias que ya votaron cay\u00f3 la participaci\u00f3n electoral, \u00bfqu\u00e9 se espera para las primarias de septiembre?"},"content":{"rendered":"<p style=\"text-align: center;\"><em><strong>En Misiones, Jujuy y Salta, que realizaron comicios en plena pandemia, baj\u00f3 entre 8 y 19 puntos porcentuales la cantidad de gente que fue a votar, respecto de 2019 y 2017. Expertos lo atribuyen a factores como la situaci\u00f3n epidemiol\u00f3gica y un descontento social generalizado, aunque coinciden en que la merma no es extrapolable a nivel nacional. Adem\u00e1s, desde que se realizan las PASO, siempre se produjo un aumento en la participaci\u00f3n del electorado en las elecciones generales, que este a\u00f1o ser\u00e1n en noviembre<\/strong><\/em><\/p>\n<p>&nbsp;<\/p>\n<p>&nbsp;<\/p>\n<p>&nbsp;<\/p>\n<p>En 2021, se realizar\u00e1n 2 elecciones nacionales y 5 provinciales. Misiones, Jujuy y Salta ya eligieron representantes locales y, en los 3 casos, baj\u00f3 la participaci\u00f3n de votantes con respecto a comicios provinciales anteriores. La ca\u00edda fue de entre 8 y 19 puntos porcentuales. La inc\u00f3gnita es si esta disminuci\u00f3n tendr\u00e1 su correlato en las Primarias Abiertas, Simult\u00e1neas y Obligatorias (PASO), que son elecciones nacionales.<\/p>\n<p>El 2 de junio \u00faltimo, en Misiones, la participaci\u00f3n fue del 59,53% del padr\u00f3n, 19 puntos menos que la registrada en los comicios provinciales de 2019 y la obtenida en 2017. Es decir que, en las \u00faltimas 2 elecciones, en esa provincia del NEA fueron a votar 8 de cada 10 ciudadanos y en 2021, tan s\u00f3lo 6.<\/p>\n<p>El 27 de junio \u00faltimo, en las provinciales de Jujuy, la participaci\u00f3n electoral fue del 70,68%, lo que signific\u00f3 una ca\u00edda de 8 y 10 puntos porcentuales, respectivamente, en relaci\u00f3n con las elecciones de gobernador y diputados provinciales de 2019 (78,69%) y las legislativas provinciales de 2017 (80,75%), que coincidieron con las nacionales.<\/p>\n<p>En las elecciones provinciales de Salta, realizadas el 15 de agosto \u00faltimo, la participaci\u00f3n fue del 60,21%, seg\u00fan consta en la p\u00e1gina web del Tribunal Electoral provincial. Signific\u00f3 una ca\u00edda de 11 y de 14,7 puntos porcentuales, respecto del 71,39% y el 74,92% registrados en las elecciones locales de 2019 y 2017, respectivamente.<\/p>\n<p>Los especialistas consultados por Reverso se\u00f1alaron al menos 5 factores que pueden haber incidido en esta menor participaci\u00f3n y que podr\u00edan impactar tambi\u00e9n en las PASO.<\/p>\n<p>&nbsp;<\/p>\n<ul>\n<li>El hecho de que se trate de elecciones de medio t\u00e9rmino y no de cargos ejecutivos.<\/li>\n<li>La situaci\u00f3n sanitaria, porque una parte de la poblaci\u00f3n podr\u00eda encontrarse aislada al momento de votar.<\/li>\n<li>El temor de las personas mayores a contagiarse al ir a los centros de votaci\u00f3n.<\/li>\n<li>El desinter\u00e9s por la votaci\u00f3n entre la poblaci\u00f3n joven.<\/li>\n<li>Un descontento social generalizado por la situaci\u00f3n econ\u00f3mica recesiva.<\/li>\n<\/ul>\n<p>&nbsp;<\/p>\n<p><strong>Causas y consecuencias<\/strong><\/p>\n<p>Diego Reynoso, investigador independiente del Conicet y profesor de la Universidad de San Andr\u00e9s (UdeSA), sostuvo en di\u00e1logo con este medio que \u201clas elecciones de medio t\u00e9rmino suelen tener un menor nivel de participaci\u00f3n que las elecciones en las que se eligen cargos ejecutivos\u201d.<\/p>\n<p>El especialista analiz\u00f3 que, de todas maneras, \u201cel contexto de pandemia\u201d y su \u201cincidencia econ\u00f3mica\u201d provocan \u201cmalestar social y bronca con el sistema\u201d, lo que se puede canalizar de 3 maneras: \u201cUna es no yendo a votar; otra es con un aumento del voto en blanco [N. de la R.: en Salta Capital un 12% vot\u00f3 en blanco en la \u00faltima elecci\u00f3n]; y la \u00faltima, que ese malestar lo puedan capitalizar las nuevas ofertas electorales extremistas\u201d.<\/p>\n<p>Por su parte, el polit\u00f3logo Gustavo Marangoni, ex presidente del Banco Provincia (BAPRO) entre 2011 y 2015, afirm\u00f3 a Reverso que \u201ca las elecciones de Misiones y Jujuy habr\u00eda que ponerlas entre par\u00e9ntesis, porque se hicieron cuando las cifras epidemiol\u00f3gicas eran preocupantes, pero la de Salta muestra un fen\u00f3meno que merece ser atendido\u201d.<\/p>\n<p>En relaci\u00f3n con el coronavirus, Reynoso se\u00f1al\u00f3 que las imposibilidades sanitarias de ir a votar \u201cir\u00e1n mermando al avanzar la vacunaci\u00f3n\u201d y estim\u00f3 que en las PASO \u201cser\u00e1n unas miles de personas\u201d las que no votar\u00e1n por estar aisladas, \u201cpero no cientos de miles, como para que se observe un impacto porcentual significativo\u201d.<\/p>\n<p>A su vez, Ana Mar\u00eda Mustapic, profesora del Departamento de Ciencia Pol\u00edtica y Estudios Internacionales de la Universidad Torcuato Di Tella, dijo a este medio que \u201chabr\u00eda que preguntarse cu\u00e1n competitivas fueron estas elecciones para analizar el nivel de participaci\u00f3n\u201d, porque, a su criterio, el elector piensa: \u201c\u2018Si ya s\u00e9 qui\u00e9n gana, \u00bfpara qu\u00e9 me voy a arriesgar a contagiarme, yendo a votar, si mi voto no va a hacer tanta diferencia?\u2019\u201d.<\/p>\n<p>Marangoni se\u00f1al\u00f3 que es dif\u00edcil proyectar a qu\u00e9 sector podr\u00eda beneficiar o perjudicar esta posible baja participaci\u00f3n en las PASO. \u201cEs un fen\u00f3meno que puede castigar por igual a todos\u201d, asever\u00f3 el polit\u00f3logo.<\/p>\n<p>Mustapic apunt\u00f3 que en estas 3 provincias \u201clos oficialismos son fuertes\u201d y coincidi\u00f3 con Marangoni y Reynoso en que ese fen\u00f3meno \u201cno necesariamente uno lo podr\u00eda trasladar a nivel nacional\u201d.<\/p>\n<p>&nbsp;<\/p>\n<p><strong>\u00bfUna mayor participaci\u00f3n en noviembre?<\/strong><\/p>\n<p>La d\u00e9cada de vigencia de las PASO da cuenta de que siempre se produce un aumento en la cantidad de votantes entre las primarias, que se realizan en agosto, y las generales, que se celebran en octubre (a excepci\u00f3n de este a\u00f1o que, por la pandemia de coronavirus, fueron postergadas un mes -al 12 de septiembre y al 14 de noviembre-).<\/p>\n<p>En las generales de 2019 la participaci\u00f3n fue del 80,42%, 4 puntos porcentuales m\u00e1s que en las PASO (76,40%). Es decir que en octubre -la contienda en la que Alberto Fern\u00e1ndez (Frente de Todos) venci\u00f3 a Mauricio Macri (Juntos por el Cambio)- votaron 1.669.929 personas m\u00e1s.<\/p>\n<p>De acuerdo con datos oficiales, en la Argentina est\u00e1n habilitadas para votar en las PASO 34.330.557 personas. El art\u00edculo 37 de la Constituci\u00f3n nacional establece que el voto es \u201cuniversal, igual, secreto y obligatorio\u201d. A partir de 2012, cuando se sancion\u00f3 la Ley 26.774, los j\u00f3venes de 16 a 18 a\u00f1os pueden hacerlo de manera optativa.<\/p>\n","protected":false},"excerpt":{"rendered":"<p>En Misiones, Jujuy y Salta, que realizaron comicios en plena pandemia, baj\u00f3 entre 8 y 19 puntos porcentuales la cantidad de gente que fue a votar, respecto de 2019 y 2017. Expertos lo atribuyen a factores como la situaci\u00f3n epidemiol\u00f3gica y un descontento social generalizado, aunque coinciden en que la merma no es extrapolable a nivel nacional. Adem\u00e1s, desde que se realizan las PASO, siempre se produjo un aumento en la participaci\u00f3n del electorado en las elecciones generales, que este a\u00f1o ser\u00e1n en noviembre &nbsp; &nbsp; &nbsp; En 2021, se&#8230;<\/p>\n","protected":false},"author":3,"featured_media":75737,"comment_status":"closed","ping_status":"closed","sticky":false,"template":"","format":"standard","meta":[],"categories":[9],"tags":[],"_links":{"self":[{"href":"https:\/\/www.actualidadadiario.com\/index.php\/wp-json\/wp\/v2\/posts\/76820"}],"collection":[{"href":"https:\/\/www.actualidadadiario.com\/index.php\/wp-json\/wp\/v2\/posts"}],"about":[{"href":"https:\/\/www.actualidadadiario.com\/index.php\/wp-json\/wp\/v2\/types\/post"}],"author":[{"embeddable":true,"href":"https:\/\/www.actualidadadiario.com\/index.php\/wp-json\/wp\/v2\/users\/3"}],"replies":[{"embeddable":true,"href":"https:\/\/www.actualidadadiario.com\/index.php\/wp-json\/wp\/v2\/comments?post=76820"}],"version-history":[{"count":1,"href":"https:\/\/www.actualidadadiario.com\/index.php\/wp-json\/wp\/v2\/posts\/76820\/revisions"}],"predecessor-version":[{"id":76821,"href":"https:\/\/www.actualidadadiario.com\/index.php\/wp-json\/wp\/v2\/posts\/76820\/revisions\/76821"}],"wp:featuredmedia":[{"embeddable":true,"href":"https:\/\/www.actualidadadiario.com\/index.php\/wp-json\/wp\/v2\/media\/75737"}],"wp:attachment":[{"href":"https:\/\/www.actualidadadiario.com\/index.php\/wp-json\/wp\/v2\/media?parent=76820"}],"wp:term":[{"taxonomy":"category","embeddable":true,"href":"https:\/\/www.actualidadadiario.com\/index.php\/wp-json\/wp\/v2\/categories?post=76820"},{"taxonomy":"post_tag","embeddable":true,"href":"https:\/\/www.actualidadadiario.com\/index.php\/wp-json\/wp\/v2\/tags?post=76820"}],"curies":[{"name":"wp","href":"https:\/\/api.w.org\/{rel}","templated":true}]}}