{"id":76817,"date":"2021-08-23T12:05:09","date_gmt":"2021-08-23T15:05:09","guid":{"rendered":"https:\/\/www.actualidadadiario.com\/?p=76817"},"modified":"2021-08-23T12:05:09","modified_gmt":"2021-08-23T15:05:09","slug":"la-subestime-la-sorpresiva-confesion-del-expresidente-macri-que-agranda-la-figura-de-cristina-kirchner","status":"publish","type":"post","link":"https:\/\/www.actualidadadiario.com\/index.php\/2021\/08\/23\/la-subestime-la-sorpresiva-confesion-del-expresidente-macri-que-agranda-la-figura-de-cristina-kirchner\/","title":{"rendered":"\u201cLa subestim\u00e9\u201d: la sorpresiva confesi\u00f3n del expresidente Macri que agranda la figura de Cristina Kirchner"},"content":{"rendered":"<p style=\"text-align: center;\"><em><strong>Una expresi\u00f3n que podr\u00eda costarle caro a Juntos por el Cambio pensando en los comicios de medio t\u00e9rmino y proyectando hacia 2023<\/strong><\/em><\/p>\n<p>&nbsp;<\/p>\n<p>&nbsp;<\/p>\n<p>Mauricio Macri se prendi\u00f3 a la campa\u00f1a del PRO, dentro de Juntos por el Cambio, de cara a las elecciones legislativas 2021. En este marco, el expresidente se manifest\u00f3 p\u00fablicamente en distintas reuniones con sus precandidatos, pero tambi\u00e9n en distintas apariciones medi\u00e1ticas. Es as\u00ed que en la noche de domingo apareci\u00f3 en La Cornisa (La Naci\u00f3n +), donde realiz\u00f3 una inesperada confesi\u00f3n sobre la figura de la vicepresidenta Cristina Kirchner: \u201cLa subestim\u00e9\u201d.<\/p>\n<p>En una extensa charla con el periodista Luis Majul, Macri consider\u00f3 que \u201ctodo esto es negativo\u201d en la gesti\u00f3n de Alberto Fern\u00e1ndez, y grafic\u00f3: \u201cLa tristeza de ver que hoy tenemos una Argentina sin rumbo, sin plan y que se jacta de no tener plan\u201d. En esta l\u00ednea, cuestion\u00f3 la reciente decisi\u00f3n de realizar la primera reuni\u00f3n de Gabinete \u201creci\u00e9n\u201d el pasado viernes, la cual se realiz\u00f3, seg\u00fan el l\u00edder opositor, \u201cpara hablar de las fotos y que hay que pasar de la ofensiva y salir de la defensiva, en vez de hablar de c\u00f3mo parar la destrucci\u00f3n del desempleo, frenar la inflaci\u00f3n, recuperar un m\u00ednimo de relaciones con el mundo\u201d.<\/p>\n<p>Al ser consultado sobre los errores de su presidencia, el fundador del PRO manifest\u00f3: \u201cPrimero, cambiar 70 a\u00f1os de historia o m\u00e1s no era tan f\u00e1cil como dijimos. Subestim\u00e9 eso y la subestim\u00e9 a Cristina porque ella nunca se hab\u00eda ido, sino que ella conservaba todo el poder\u201d, confes\u00f3 de manera inesperada. \u201cCuando mir\u00e1s la C\u00e1mara de Diputados con Sergio Massa y su bloque, Senadores, gobernadores, gremios. Entonces, burocracia, porque nombraron tanto empleado militante de ellos que dominaban la administraci\u00f3n p\u00fablica\u201d, advirti\u00f3 Macri.<\/p>\n<p>En segundo lugar, \u201cexplicar el cambio y comprometer a todos con el cambio es un enorme desaf\u00edo\u201d, reconoci\u00f3, y record\u00f3: \u201cUno de mis compromisos, adem\u00e1s de garantizar la unidad de Juntos por el Cambio, que fue lo que me compromet\u00ed en esas 30 marchas, que no iba a dejar a los argentinos solos. Sostener la esperanza, pero la tristeza y ellos trabajan para generar resignaci\u00f3n\u201d, apunt\u00f3, y dispar\u00f3: \u201cEse es el peor virus del populismo\u201d.<\/p>\n<p>En esta l\u00ednea, el exmandatario consider\u00f3: \u201cEllos trabajan sobre resignaci\u00f3n. Nosotros podemos generar trabajo a pesar de la crisis. 1.200.000 trabajos generamos m\u00e1s all\u00e1 de los \u00faltimos dos malos que tuvimos. En lo que va de este Gobierno, se destruyeron 700.000 empleos, gener\u00f3 300.000 estatales con gente a la que hace resignar con un mal sueldo para un no trabajo\u201d, compar\u00f3, y reproch\u00f3: \u201cLe van a echar la culpa a la pandemia, pero es por todas las regulaciones y atropellos que hacen todos los d\u00edas\u201d.<\/p>\n<p>Como si fuera poco la definici\u00f3n anterior, Macri dispar\u00f3: \u201cEl kirchnerismo es una versi\u00f3n muy antidemocr\u00e1tica del peronismo, comparable con sus inicios, nada que ver con la \u00e9poca del menemismo y el duhaldismo, que era un peronismo democr\u00e1tico\u201d. Y sentenci\u00f3: \u201cAdem\u00e1s, en vez de representar a los que trabajan, como siempre hizo el peronismo, representan a los que no trabajan y a los que quieren vivir del trabajo ajeno\u201d.<\/p>\n","protected":false},"excerpt":{"rendered":"<p>Una expresi\u00f3n que podr\u00eda costarle caro a Juntos por el Cambio pensando en los comicios de medio t\u00e9rmino y proyectando hacia 2023 &nbsp; &nbsp; Mauricio Macri se prendi\u00f3 a la campa\u00f1a del PRO, dentro de Juntos por el Cambio, de cara a las elecciones legislativas 2021. En este marco, el expresidente se manifest\u00f3 p\u00fablicamente en distintas reuniones con sus precandidatos, pero tambi\u00e9n en distintas apariciones medi\u00e1ticas. Es as\u00ed que en la noche de domingo apareci\u00f3 en La Cornisa (La Naci\u00f3n +), donde realiz\u00f3 una inesperada confesi\u00f3n sobre la figura de&#8230;<\/p>\n","protected":false},"author":3,"featured_media":76818,"comment_status":"closed","ping_status":"closed","sticky":false,"template":"","format":"standard","meta":[],"categories":[9],"tags":[],"_links":{"self":[{"href":"https:\/\/www.actualidadadiario.com\/index.php\/wp-json\/wp\/v2\/posts\/76817"}],"collection":[{"href":"https:\/\/www.actualidadadiario.com\/index.php\/wp-json\/wp\/v2\/posts"}],"about":[{"href":"https:\/\/www.actualidadadiario.com\/index.php\/wp-json\/wp\/v2\/types\/post"}],"author":[{"embeddable":true,"href":"https:\/\/www.actualidadadiario.com\/index.php\/wp-json\/wp\/v2\/users\/3"}],"replies":[{"embeddable":true,"href":"https:\/\/www.actualidadadiario.com\/index.php\/wp-json\/wp\/v2\/comments?post=76817"}],"version-history":[{"count":1,"href":"https:\/\/www.actualidadadiario.com\/index.php\/wp-json\/wp\/v2\/posts\/76817\/revisions"}],"predecessor-version":[{"id":76819,"href":"https:\/\/www.actualidadadiario.com\/index.php\/wp-json\/wp\/v2\/posts\/76817\/revisions\/76819"}],"wp:featuredmedia":[{"embeddable":true,"href":"https:\/\/www.actualidadadiario.com\/index.php\/wp-json\/wp\/v2\/media\/76818"}],"wp:attachment":[{"href":"https:\/\/www.actualidadadiario.com\/index.php\/wp-json\/wp\/v2\/media?parent=76817"}],"wp:term":[{"taxonomy":"category","embeddable":true,"href":"https:\/\/www.actualidadadiario.com\/index.php\/wp-json\/wp\/v2\/categories?post=76817"},{"taxonomy":"post_tag","embeddable":true,"href":"https:\/\/www.actualidadadiario.com\/index.php\/wp-json\/wp\/v2\/tags?post=76817"}],"curies":[{"name":"wp","href":"https:\/\/api.w.org\/{rel}","templated":true}]}}