{"id":76815,"date":"2021-08-23T12:04:10","date_gmt":"2021-08-23T15:04:10","guid":{"rendered":"https:\/\/www.actualidadadiario.com\/?p=76815"},"modified":"2021-08-23T12:04:10","modified_gmt":"2021-08-23T15:04:10","slug":"hasta-cuando-esta-abierta-la-inscripcion-para-el-repro-ii","status":"publish","type":"post","link":"https:\/\/www.actualidadadiario.com\/index.php\/2021\/08\/23\/hasta-cuando-esta-abierta-la-inscripcion-para-el-repro-ii\/","title":{"rendered":"Hasta cu\u00e1ndo est\u00e1 abierta la inscripci\u00f3n para el Repro II"},"content":{"rendered":"<p style=\"text-align: center;\"><em><strong>El Gobierno public\u00f3 la fecha tope para inscribirse en el Programa de Reactivaci\u00f3n Productiva II y Programa de Asistencia de Emergencia a Trabajadores y Trabajadoras Independientes en Sectores Cr\u00edticos<\/strong><\/em><\/p>\n<p>&nbsp;<\/p>\n<p>&nbsp;<\/p>\n<p>El Ministerio de Trabajo estableci\u00f3 el plazo para la inscripci\u00f3n al Programa de Reactivaci\u00f3n Productiva II (Repro II) para el per\u00edodo correspondiente a los salarios devengados durante este mes. Lo hizo a trav\u00e9s de la Resoluci\u00f3n 488\/2021 publicada hoy en el Bolet\u00edn Ofiicial, que fij\u00f3 para el Programa de Asistencia de Emergencia a Trabajadores y Trabajadoras Independientes en Sectores Cr\u00edticos el mismo plazo de inscripci\u00f3n que para el Repro II.<\/p>\n<p>Adem\u00e1s, determin\u00f3 las pautas a considerar para aplicar los criterios de preselecci\u00f3n, respecto de las fechas de facturaci\u00f3n y n\u00f3mina de las empresas que quieran acceder al beneficio al Repro II.<\/p>\n<p>&nbsp;<\/p>\n<p><strong>Cu\u00e1les son los meses de facturaci\u00f3n para el c\u00e1lculo del Repro II<\/strong><\/p>\n<p>Los meses seleccionados para el c\u00e1lculo de la variaci\u00f3n interanual de la facturaci\u00f3n requerida por la Administraci\u00f3n Federal de Ingresos P\u00fablicos (AFIP) ser\u00e1n julio de 2019 y de 2021, pero no se deber\u00e1 considerar la facturaci\u00f3n para las empresas iniciadas a partir del 1 de enero de 2019.<\/p>\n<p>En el caso de trabajadoras y trabajadores independientes, deber\u00e1n presentar una reducci\u00f3n de la facturaci\u00f3n superior al 20% en t\u00e9rminos reales, para el periodo comprendido entre julio \u00faltimo y el mes mismo mes de 2019.<\/p>\n<p>&nbsp;<\/p>\n<p><strong>Hasta cu\u00e1ndo est\u00e1 abierta la inscripci\u00f3n para el Repro II<\/strong><\/p>\n<p>El plazo de inscripci\u00f3n tanto para el Programa de Asistencia de Emergencia a Trabajadores y Trabajadoras Independientes en Sectores Cr\u00edticos como para el Programa de Reactivaci\u00f3n Productiva II (Repro II) estar\u00e1 comprendido entre el 25 y el 31 de agosto pr\u00f3ximo.<\/p>\n","protected":false},"excerpt":{"rendered":"<p>El Gobierno public\u00f3 la fecha tope para inscribirse en el Programa de Reactivaci\u00f3n Productiva II y Programa de Asistencia de Emergencia a Trabajadores y Trabajadoras Independientes en Sectores Cr\u00edticos &nbsp; &nbsp; El Ministerio de Trabajo estableci\u00f3 el plazo para la inscripci\u00f3n al Programa de Reactivaci\u00f3n Productiva II (Repro II) para el per\u00edodo correspondiente a los salarios devengados durante este mes. Lo hizo a trav\u00e9s de la Resoluci\u00f3n 488\/2021 publicada hoy en el Bolet\u00edn Ofiicial, que fij\u00f3 para el Programa de Asistencia de Emergencia a Trabajadores y Trabajadoras Independientes en Sectores&#8230;<\/p>\n","protected":false},"author":3,"featured_media":74838,"comment_status":"closed","ping_status":"closed","sticky":false,"template":"","format":"standard","meta":[],"categories":[2],"tags":[],"_links":{"self":[{"href":"https:\/\/www.actualidadadiario.com\/index.php\/wp-json\/wp\/v2\/posts\/76815"}],"collection":[{"href":"https:\/\/www.actualidadadiario.com\/index.php\/wp-json\/wp\/v2\/posts"}],"about":[{"href":"https:\/\/www.actualidadadiario.com\/index.php\/wp-json\/wp\/v2\/types\/post"}],"author":[{"embeddable":true,"href":"https:\/\/www.actualidadadiario.com\/index.php\/wp-json\/wp\/v2\/users\/3"}],"replies":[{"embeddable":true,"href":"https:\/\/www.actualidadadiario.com\/index.php\/wp-json\/wp\/v2\/comments?post=76815"}],"version-history":[{"count":1,"href":"https:\/\/www.actualidadadiario.com\/index.php\/wp-json\/wp\/v2\/posts\/76815\/revisions"}],"predecessor-version":[{"id":76816,"href":"https:\/\/www.actualidadadiario.com\/index.php\/wp-json\/wp\/v2\/posts\/76815\/revisions\/76816"}],"wp:featuredmedia":[{"embeddable":true,"href":"https:\/\/www.actualidadadiario.com\/index.php\/wp-json\/wp\/v2\/media\/74838"}],"wp:attachment":[{"href":"https:\/\/www.actualidadadiario.com\/index.php\/wp-json\/wp\/v2\/media?parent=76815"}],"wp:term":[{"taxonomy":"category","embeddable":true,"href":"https:\/\/www.actualidadadiario.com\/index.php\/wp-json\/wp\/v2\/categories?post=76815"},{"taxonomy":"post_tag","embeddable":true,"href":"https:\/\/www.actualidadadiario.com\/index.php\/wp-json\/wp\/v2\/tags?post=76815"}],"curies":[{"name":"wp","href":"https:\/\/api.w.org\/{rel}","templated":true}]}}