{"id":76810,"date":"2021-08-23T12:02:20","date_gmt":"2021-08-23T15:02:20","guid":{"rendered":"https:\/\/www.actualidadadiario.com\/?p=76810"},"modified":"2021-08-23T12:02:20","modified_gmt":"2021-08-23T15:02:20","slug":"amplian-la-capacidad-de-ocupacion-de-trenes-y-colectivos-de-media-y-larga-distancia","status":"publish","type":"post","link":"https:\/\/www.actualidadadiario.com\/index.php\/2021\/08\/23\/amplian-la-capacidad-de-ocupacion-de-trenes-y-colectivos-de-media-y-larga-distancia\/","title":{"rendered":"Ampl\u00edan la capacidad de ocupaci\u00f3n de trenes y colectivos de media y larga distancia"},"content":{"rendered":"<p style=\"text-align: center;\"><em><strong>El anuncio se hizo mediante la Resoluci\u00f3n 289\/2021 publicada este lunes en el Bolet\u00edn Oficial con la firma del ministro de Transporte, Alexis Guerrera<\/strong><\/em><\/p>\n<p>&nbsp;<\/p>\n<p>&nbsp;<\/p>\n<p>Mientras avanza con la campa\u00f1a de vacunaci\u00f3n contra el coronavirus, las aperturas progresivas y registra mejoras en los \u00edndices epidemiol\u00f3gicos, el Gobierno decidi\u00f3 ampliar la capacidad m\u00e1xima de ocupaci\u00f3n en los servicios de combis, trenes y colectivos de media y larga distancia. El permiso para aumentar el aforo fue autorizado por el Ministerio de Transporte de la Naci\u00f3n.<\/p>\n<p>El anuncio se hizo mediante la Resoluci\u00f3n 289\/2021 publicada este lunes en el Bolet\u00edn Oficial con la firma del ministro de Transporte, Alexis Guerrera. De acuerdo al texto, el beneficio de aumentar la capacidad de pasajeros a bordo de cada unidad beneficiar\u00e1 a las empresas que operan \u201clos veh\u00edculos afectados a la prestaci\u00f3n de servicios de transporte automotor interurbano\u201d.<\/p>\n<p>A partir de hoy,\u00a0 los micros de las categor\u00edas \u201cCom\u00fan\u201d, \u201cCom\u00fan con Aire\u201d y \u201cSemi Cama\u201d podr\u00e1n tener una ocupaci\u00f3n de hasta el 80% de sus butacas disponibles.\u00a0 No obstante, se\u00f1ala que \u201cen ning\u00fan caso\u201d se admite que haya pasajeros de pie. Por otro lado, las categor\u00edas \u201cCama Ejecutivo\u201d y \u201cCama Suite\u201d estar\u00e1n autorizados a circular con \u201cplena ocupaci\u00f3n\u201d y tampoco deber\u00e1n registrarse personas paradas.<\/p>\n<p>En cuanto a los trenes interurbanos, el documento oficial se\u00f1ala que deber\u00e1n limitar la capacidad al 80% por cada coche en servicio. Esto significa una ampliaci\u00f3n del 20 por ciento respecto a los \u00faltimos protocolos. No obstante, las autoridades hicieron \u00e9nfasis en que \u201cdeber\u00e1n extremarse las medidas para un mejor distanciamiento social en el interior de los veh\u00edculos\u201d.<\/p>\n<p>La reanudaci\u00f3n de los servicios de colectivo de larga y media distancia se habilit\u00f3 reci\u00e9n a mediados de octubre del a\u00f1o pasado con importantes protocolos de seguridad y sanitizaci\u00f3n. En aquella oportunidad se defini\u00f3 un tope de 37 pasajeros para categor\u00eda \u201cSemi Cama\u201d, de 26 en \u201cCama Ejecutiva\u201d y de 18 en \u201cCama Suite.<\/p>\n<p>Entre los considerandos de la resoluci\u00f3n, desde el Ministerio de Transporte subrayan que es pertinente la decisi\u00f3n \u201cde acuerdo a la situaci\u00f3n epidemiol\u00f3gica, sanitaria y de coberturas de vacunaci\u00f3n, se puede evaluar la habilitaci\u00f3n paulatina y controlada de actividades y aforos\u201d. Adem\u00e1s, subrayan que los operadores \u201cest\u00e1n obligados a extremar activamente los recaudos para prevenir la propagaci\u00f3n del coronavirus COVID-19\u201d.<\/p>\n","protected":false},"excerpt":{"rendered":"<p>El anuncio se hizo mediante la Resoluci\u00f3n 289\/2021 publicada este lunes en el Bolet\u00edn Oficial con la firma del ministro de Transporte, Alexis Guerrera &nbsp; &nbsp; Mientras avanza con la campa\u00f1a de vacunaci\u00f3n contra el coronavirus, las aperturas progresivas y registra mejoras en los \u00edndices epidemiol\u00f3gicos, el Gobierno decidi\u00f3 ampliar la capacidad m\u00e1xima de ocupaci\u00f3n en los servicios de combis, trenes y colectivos de media y larga distancia. El permiso para aumentar el aforo fue autorizado por el Ministerio de Transporte de la Naci\u00f3n. El anuncio se hizo mediante la&#8230;<\/p>\n","protected":false},"author":3,"featured_media":76811,"comment_status":"closed","ping_status":"closed","sticky":false,"template":"","format":"standard","meta":[],"categories":[2],"tags":[],"_links":{"self":[{"href":"https:\/\/www.actualidadadiario.com\/index.php\/wp-json\/wp\/v2\/posts\/76810"}],"collection":[{"href":"https:\/\/www.actualidadadiario.com\/index.php\/wp-json\/wp\/v2\/posts"}],"about":[{"href":"https:\/\/www.actualidadadiario.com\/index.php\/wp-json\/wp\/v2\/types\/post"}],"author":[{"embeddable":true,"href":"https:\/\/www.actualidadadiario.com\/index.php\/wp-json\/wp\/v2\/users\/3"}],"replies":[{"embeddable":true,"href":"https:\/\/www.actualidadadiario.com\/index.php\/wp-json\/wp\/v2\/comments?post=76810"}],"version-history":[{"count":1,"href":"https:\/\/www.actualidadadiario.com\/index.php\/wp-json\/wp\/v2\/posts\/76810\/revisions"}],"predecessor-version":[{"id":76812,"href":"https:\/\/www.actualidadadiario.com\/index.php\/wp-json\/wp\/v2\/posts\/76810\/revisions\/76812"}],"wp:featuredmedia":[{"embeddable":true,"href":"https:\/\/www.actualidadadiario.com\/index.php\/wp-json\/wp\/v2\/media\/76811"}],"wp:attachment":[{"href":"https:\/\/www.actualidadadiario.com\/index.php\/wp-json\/wp\/v2\/media?parent=76810"}],"wp:term":[{"taxonomy":"category","embeddable":true,"href":"https:\/\/www.actualidadadiario.com\/index.php\/wp-json\/wp\/v2\/categories?post=76810"},{"taxonomy":"post_tag","embeddable":true,"href":"https:\/\/www.actualidadadiario.com\/index.php\/wp-json\/wp\/v2\/tags?post=76810"}],"curies":[{"name":"wp","href":"https:\/\/api.w.org\/{rel}","templated":true}]}}