{"id":76807,"date":"2021-08-23T12:01:22","date_gmt":"2021-08-23T15:01:22","guid":{"rendered":"https:\/\/www.actualidadadiario.com\/?p=76807"},"modified":"2021-08-23T12:01:22","modified_gmt":"2021-08-23T15:01:22","slug":"a-partir-de-hoy-la-administracion-publica-vuelve-a-la-presencialidad","status":"publish","type":"post","link":"https:\/\/www.actualidadadiario.com\/index.php\/2021\/08\/23\/a-partir-de-hoy-la-administracion-publica-vuelve-a-la-presencialidad\/","title":{"rendered":"A partir de hoy la administraci\u00f3n p\u00fablica vuelve a la presencialidad"},"content":{"rendered":"<p style=\"text-align: center;\"><em><strong>Tras un a\u00f1o de trabajo a distancia, a partir de este lunes miles de empleados de la administraci\u00f3n p\u00fablica retornar\u00e1n a las oficinas para realizar sus tareas de manera presencial. Tal como se hab\u00eda anticipado la semana pasado, los trabajadores fueron avisados con 72 horas de antelaci\u00f3n. Qu\u00e9 dicen los protocolos y c\u00f3mo afectar\u00e1 el cambio al servicio<\/strong><\/em><\/p>\n<p>&nbsp;<\/p>\n<p>&nbsp;<\/p>\n<p>De acuerdo al \u00abProtocolo Covid-19\u00bb aprobado por la \u201cComisi\u00f3n de Condiciones y Medio Ambiente de Trabajo\u201d (CyMAT), los jefes de las distintas \u00e1reas ten\u00edan la facultad de convocar a todos los que recibieron al menos la primera dosis de cualquiera de las vacunas contra el coronavirus, independientemente de la edad y la condici\u00f3n de riesgo, transcurridos 14 d\u00edas de la inoculaci\u00f3n.<\/p>\n<p>Solo quedar\u00e1n exceptos de esta medida los trabajadores que presenten certificados de ser personas con inmunodeficiencias (Cong\u00e9nita, asplenia funcional o anat\u00f3mica; VIH; o tomen medicaci\u00f3n inmunosupresora o corticoides en altas dosis) o sean pacientes oncol\u00f3gicos y trasplantados. Adem\u00e1s, tampoco alcanzar\u00e1 a las personas que transiten un embarazo.<\/p>\n<p>Al mismo tiempo, el texto insta a contemplar \u201clas situaciones de las madres, padres, encargados o tutores de ni\u00f1as y ni\u00f1os de hasta 13 a\u00f1os inclusive, que asistan alternadamente a los establecimientos educativos\u201d. En los casos que los trabajadores sean convocados y no cumplan el llamado, habr\u00e1 sanciones.<\/p>\n<p>Con estos cambios, se ampliar\u00edan los canales de atenci\u00f3n aunque la principal modificaci\u00f3n se dar\u00e1 puertas adentro donde los trabajadores volver\u00e1n a compartir un \u00e1rea en com\u00fan con sus compa\u00f1eros de oficinas. Adem\u00e1s, el impacto se sentir\u00e1 en la v\u00eda p\u00fablica, principalmente en la Ciudad de Buenos Aires donde se concentran la mayor\u00eda de los edificios.<\/p>\n<p>&nbsp;<\/p>\n<p><strong>Protocolos<\/strong><\/p>\n<p>Respecto a los protocolos de cuidado se\u00f1alaron que organizar\u00e1n burbujas seg\u00fan cada dependencia o edificio y deber\u00e1n respetarse los cuidados: ventilaci\u00f3n, distancia, sanitizaci\u00f3n de los espacios y que no haya aglomeraciones en los lugares de uso com\u00fan. Adem\u00e1s, para poder concurrir a sus lugares de trabajo, todos los empleados p\u00fablicos deber\u00e1n presentar el certificado de vacunaci\u00f3n que figura en Mi Argentina.<\/p>\n<p>No obstante, se aclar\u00f3 tambi\u00e9n que en casos particulares que definir\u00e1n las autoridades se podr\u00e1 aplicar un esquema mixto que \u201cincluye a tiempo parcial, en fracciones no inferiores al 50 % de la jornada normal, habitual y permanente dispuesta para la categor\u00eda de revista de cada agente, o hasta 20 horas semanales, sin exceder la carga horaria prevista para la categor\u00eda de cada agente\u201d.<\/p>\n<p>Por otra parte, precisa que todos los trabajadores que presten servicios de manera virtual no podr\u00e1n cambiar el domicilio real denunciado en sus legajos personales a una distancia que supere los 100 kil\u00f3metros del mismo.<\/p>\n<p>Desde la Secretar\u00eda de Gesti\u00f3n y Empleo P\u00fablico advirtieron que se \u00abinstrumentar\u00e1n las medidas necesarias\u00bb para que quienes decidieron no inocularse puedan retornar a las oficinas sin correr riesgo. Al mismo tiempo, aclararon que individualmente \u201cdeber\u00e1n actuar de buena fe, dirigi\u00e9ndose al Departamento de Sanidad (o su equivalente en cada organismo), a fin de obtener informaci\u00f3n sobre la vacuna en cuesti\u00f3n\u201d y llevar adelante el proceso de vacunaci\u00f3n.<\/p>\n<p>En este sentido, subrayaron que si alg\u00fan trabajador p\u00fablico desea aplicarse la vacuna \u00abpuede acudir a la posta de vacunaci\u00f3n establecida en el Centro Cultural N\u00e9stor Kirchner\u00bb. \u00abPara quienes todav\u00eda no se vacunaron y quieren hacerlo, se implementar\u00e1 un sistema de inscripci\u00f3n previo para que puedan asistir a la posta de vacunaci\u00f3n que comenzar\u00e1 a funcionar a partir del 1 de septiembre en el Centro Cultural N\u00e9stor Kirchner (CCK)\u00bb, explicaron.<\/p>\n","protected":false},"excerpt":{"rendered":"<p>Tras un a\u00f1o de trabajo a distancia, a partir de este lunes miles de empleados de la administraci\u00f3n p\u00fablica retornar\u00e1n a las oficinas para realizar sus tareas de manera presencial. Tal como se hab\u00eda anticipado la semana pasado, los trabajadores fueron avisados con 72 horas de antelaci\u00f3n. Qu\u00e9 dicen los protocolos y c\u00f3mo afectar\u00e1 el cambio al servicio &nbsp; &nbsp; De acuerdo al \u00abProtocolo Covid-19\u00bb aprobado por la \u201cComisi\u00f3n de Condiciones y Medio Ambiente de Trabajo\u201d (CyMAT), los jefes de las distintas \u00e1reas ten\u00edan la facultad de convocar a todos&#8230;<\/p>\n","protected":false},"author":3,"featured_media":76808,"comment_status":"closed","ping_status":"closed","sticky":false,"template":"","format":"standard","meta":[],"categories":[2],"tags":[],"_links":{"self":[{"href":"https:\/\/www.actualidadadiario.com\/index.php\/wp-json\/wp\/v2\/posts\/76807"}],"collection":[{"href":"https:\/\/www.actualidadadiario.com\/index.php\/wp-json\/wp\/v2\/posts"}],"about":[{"href":"https:\/\/www.actualidadadiario.com\/index.php\/wp-json\/wp\/v2\/types\/post"}],"author":[{"embeddable":true,"href":"https:\/\/www.actualidadadiario.com\/index.php\/wp-json\/wp\/v2\/users\/3"}],"replies":[{"embeddable":true,"href":"https:\/\/www.actualidadadiario.com\/index.php\/wp-json\/wp\/v2\/comments?post=76807"}],"version-history":[{"count":1,"href":"https:\/\/www.actualidadadiario.com\/index.php\/wp-json\/wp\/v2\/posts\/76807\/revisions"}],"predecessor-version":[{"id":76809,"href":"https:\/\/www.actualidadadiario.com\/index.php\/wp-json\/wp\/v2\/posts\/76807\/revisions\/76809"}],"wp:featuredmedia":[{"embeddable":true,"href":"https:\/\/www.actualidadadiario.com\/index.php\/wp-json\/wp\/v2\/media\/76808"}],"wp:attachment":[{"href":"https:\/\/www.actualidadadiario.com\/index.php\/wp-json\/wp\/v2\/media?parent=76807"}],"wp:term":[{"taxonomy":"category","embeddable":true,"href":"https:\/\/www.actualidadadiario.com\/index.php\/wp-json\/wp\/v2\/categories?post=76807"},{"taxonomy":"post_tag","embeddable":true,"href":"https:\/\/www.actualidadadiario.com\/index.php\/wp-json\/wp\/v2\/tags?post=76807"}],"curies":[{"name":"wp","href":"https:\/\/api.w.org\/{rel}","templated":true}]}}