{"id":76799,"date":"2021-08-23T11:58:40","date_gmt":"2021-08-23T14:58:40","guid":{"rendered":"https:\/\/www.actualidadadiario.com\/?p=76799"},"modified":"2021-08-23T11:58:40","modified_gmt":"2021-08-23T14:58:40","slug":"nacion-ajusta-protocolo-con-presion-de-clases-plenas-en-mas-provincias","status":"publish","type":"post","link":"https:\/\/www.actualidadadiario.com\/index.php\/2021\/08\/23\/nacion-ajusta-protocolo-con-presion-de-clases-plenas-en-mas-provincias\/","title":{"rendered":"Naci\u00f3n ajusta protocolo, con presi\u00f3n de clases plenas en m\u00e1s provincias"},"content":{"rendered":"<p style=\"text-align: center;\"><em><strong>A experiencias pioneras en CABA y Mendoza se sumaron avances hacia presencialidad completa en R\u00edo Negro, Entre R\u00edos, Santa Fe y San Juan<\/strong><\/em><\/p>\n<p>&nbsp;<\/p>\n<p>&nbsp;<\/p>\n<p>De la mano de la extensi\u00f3n de la vacunaci\u00f3n y de las mejoras en los indicadores epidemiol\u00f3gicos, el Gobierno nacional avanza en los pasos formales para analizar y plasmar una flexibilizaci\u00f3n del actual protocolo sanitario que rige el dictado de clases, que abra la puerta -ya con gui\u00f1o federal- a una profundizaci\u00f3n del grado de presencialidad en las escuelas.<\/p>\n<p>Ser\u00e1 en rigor un ba\u00f1o oficial a los aires aperturistas que ya arrancaron y que brotaron desde las provincias, con retornos concretos incluso a la presencialidad plena. Abrieron el surco -en clave de desaf\u00edo, y con la carta de la autonom\u00eda que blind\u00f3 la Corte Suprema- CABA y Mendoza, dos distritos de Juntos por el Cambio. Pero en las \u00faltimas horas se sumaron, con distintos grados de intensidad, R\u00edo Negro, Entre R\u00edos, Santa Fe y San Juan. Con ese tel\u00f3n de fondo, el ministro de Educaci\u00f3n nacional, Nicol\u00e1s Trotta, se reunir\u00e1 hoy con los especialistas en salud, epidemiolog\u00eda, higiene y seguridad e infraestructura escolar del Consejo Asesor para el Regreso a las Clases Presenciales.<\/p>\n<p>All\u00ed -dijeron desde el Palacio Sarmiento- analizar\u00e1n el estado de situaci\u00f3n de la aplicaci\u00f3n de los protocolos en las escuelas del pa\u00eds y \u201cse pondr\u00e1 a consideraci\u00f3n la ventana de oportunidad que se presenta, ante notorias mejor\u00edas en los \u00e1mbitos sanitario y epidemiol\u00f3gico\u201d. Las conclusiones ser\u00e1n elevadas ante el Consejo Federal de Educaci\u00f3n (CFE), que es el organismo -con participaci\u00f3n de las provincias- que debe aprobar el retoque del protocolo.<\/p>\n<p>En di\u00e1logo con C5N, Trotta destac\u00f3 que \u201cla realidad sanitaria y epidemiol\u00f3gica presenta una franca mejora\u201d, ante el \u201cavance del proceso de vacunaci\u00f3n en la poblaci\u00f3n\u201d en general y de los docentes en particular, en ese caso \u201ccon 100% de vacunados con una dosis -entre los que se inscribieron-, y 60% con dos dosis\u201d.<\/p>\n<p>\u201cEsta mejora de los indicadores implica poder reanalizar los protocolos, pero siempre desde la mirada de la evidencia y de los profesionales del campo epidemiol\u00f3gico y sanitario\u201d, remarc\u00f3.<\/p>\n<p>En la actualidad, el protocolo incluye, entre otros puntos, la obligaci\u00f3n de respetar la distancia de 1,5 metros dentro de las aulas, lo que deriv\u00f3 en la conformaci\u00f3n de dos o m\u00e1s \u201cburbujas\u201d dentro de cada sala, grado o a\u00f1o.<\/p>\n<p>Pero, ante indicadores alentadores, se extendi\u00f3 en los \u00faltimos d\u00edas el n\u00famero de provincias que activaron -o activar\u00e1n- el formato de \u201cla burbuja es el aula\u201d, ya sin ese distanciamiento obligatorio frente a cada pizarr\u00f3n, para habilitar presencialidad plena en el nivel inicial, primario y\/o secundario, seg\u00fan el caso.<\/p>\n<p>Las pioneras fueron CABA (desde el 4 de agosto, de manera escalonada) y Mendoza, con el camino abierto por Horacio Rodr\u00edguez Larreta (PRO) y el radical Rodolfo Suarez. Pero luego se sumaron la rionegrina Arabela Carreras y el peronista santafesino Omar Perotti (en ambos casos hoy arranca la presencialidad plena en el inicial), mientras que el justicialista entrerriano Gustavo Bordet la aplicar\u00e1 desde el 30 de agosto, \u201cen todos los niveles y sin el sistema de burbujas\u201d. Y el sanjuanino Sergio U\u00f1ac activar\u00e1 desde hoy un proceso gradual.<\/p>\n<p>En otras provincias, con Buenos Aires a la cabeza, esperan por su parte que el Consejo Federal de Educaci\u00f3n avale primero un retoque flexibilizador del protocolo, para avanzar luego en ese sentido.<\/p>\n","protected":false},"excerpt":{"rendered":"<p>A experiencias pioneras en CABA y Mendoza se sumaron avances hacia presencialidad completa en R\u00edo Negro, Entre R\u00edos, Santa Fe y San Juan &nbsp; &nbsp; De la mano de la extensi\u00f3n de la vacunaci\u00f3n y de las mejoras en los indicadores epidemiol\u00f3gicos, el Gobierno nacional avanza en los pasos formales para analizar y plasmar una flexibilizaci\u00f3n del actual protocolo sanitario que rige el dictado de clases, que abra la puerta -ya con gui\u00f1o federal- a una profundizaci\u00f3n del grado de presencialidad en las escuelas. Ser\u00e1 en rigor un ba\u00f1o oficial&#8230;<\/p>\n","protected":false},"author":3,"featured_media":72554,"comment_status":"closed","ping_status":"closed","sticky":false,"template":"","format":"standard","meta":[],"categories":[9],"tags":[],"_links":{"self":[{"href":"https:\/\/www.actualidadadiario.com\/index.php\/wp-json\/wp\/v2\/posts\/76799"}],"collection":[{"href":"https:\/\/www.actualidadadiario.com\/index.php\/wp-json\/wp\/v2\/posts"}],"about":[{"href":"https:\/\/www.actualidadadiario.com\/index.php\/wp-json\/wp\/v2\/types\/post"}],"author":[{"embeddable":true,"href":"https:\/\/www.actualidadadiario.com\/index.php\/wp-json\/wp\/v2\/users\/3"}],"replies":[{"embeddable":true,"href":"https:\/\/www.actualidadadiario.com\/index.php\/wp-json\/wp\/v2\/comments?post=76799"}],"version-history":[{"count":1,"href":"https:\/\/www.actualidadadiario.com\/index.php\/wp-json\/wp\/v2\/posts\/76799\/revisions"}],"predecessor-version":[{"id":76800,"href":"https:\/\/www.actualidadadiario.com\/index.php\/wp-json\/wp\/v2\/posts\/76799\/revisions\/76800"}],"wp:featuredmedia":[{"embeddable":true,"href":"https:\/\/www.actualidadadiario.com\/index.php\/wp-json\/wp\/v2\/media\/72554"}],"wp:attachment":[{"href":"https:\/\/www.actualidadadiario.com\/index.php\/wp-json\/wp\/v2\/media?parent=76799"}],"wp:term":[{"taxonomy":"category","embeddable":true,"href":"https:\/\/www.actualidadadiario.com\/index.php\/wp-json\/wp\/v2\/categories?post=76799"},{"taxonomy":"post_tag","embeddable":true,"href":"https:\/\/www.actualidadadiario.com\/index.php\/wp-json\/wp\/v2\/tags?post=76799"}],"curies":[{"name":"wp","href":"https:\/\/api.w.org\/{rel}","templated":true}]}}