{"id":76788,"date":"2021-08-23T11:54:38","date_gmt":"2021-08-23T14:54:38","guid":{"rendered":"https:\/\/www.actualidadadiario.com\/?p=76788"},"modified":"2021-08-23T11:54:38","modified_gmt":"2021-08-23T14:54:38","slug":"estudiantes-de-entre-rios-crearon-dispositivos-electronicos-para-medir-el-co2-en-aulas","status":"publish","type":"post","link":"https:\/\/www.actualidadadiario.com\/index.php\/2021\/08\/23\/estudiantes-de-entre-rios-crearon-dispositivos-electronicos-para-medir-el-co2-en-aulas\/","title":{"rendered":"Estudiantes de Entre R\u00edos crearon dispositivos electr\u00f3nicos para medir el CO2 en aulas"},"content":{"rendered":"<p style=\"text-align: center;\"><em><strong>Dentro de la convocatoria &#8220;Universitarios en Acci\u00f3n&#8221;, el grupo de alumnos autodenominados \u201cEternautas\u201d present\u00f3 el proyecto que tiene como objetivo entregar los aparatos a escuelas y centros de salud que no posean f\u00e1cil acceso a los mismos<\/strong><\/em><\/p>\n<p>&nbsp;<\/p>\n<p>&nbsp;<\/p>\n<p>Un grupo de estudiantes de la Universidad Aut\u00f3noma de Entre R\u00edos (UADER) construyeron artefactos electr\u00f3nicos que miden la concentraci\u00f3n de di\u00f3xido de carbono (CO2) en el ambiente y adem\u00e1s presentaron un proyecto para entregarlos en escuelas y disminuir as\u00ed el riesgo de contagio de coronavirus.<\/p>\n<p>Los dispositivos ya comenzaron a utilizarse en las aulas de la Escuela Normal de Paran\u00e1, y la pr\u00f3xima semana ser\u00e1n distribuidos en escuelas que dependen de la Facultad de Humanidades, Artes y Ciencias Sociales (Fhaycs) de la UADER.<\/p>\n<p>El proyecto fue presentado en la convocatoria &#8220;Universitarios en Acci\u00f3n&#8221; del Ministerio de Desarrollo Social entrerriano, pero tambi\u00e9n, y tras la colaboraci\u00f3n de tecn\u00f3logos del pa\u00eds, se habilit\u00f3 para uso libre del dise\u00f1o del dispositivo.<\/p>\n<p>La propuesta de los estudiantes autodenominados &#8220;Eternautas&#8221;, surgi\u00f3 por &#8220;la preocupaci\u00f3n por la profundizaci\u00f3n de las brechas en el acceso a la educaci\u00f3n, a la salud y a las tecnolog\u00edas causadas por el contexto de pandemia actual&#8221;.<\/p>\n<p>El primer trabajo que se hizo &#8220;resultaba muy costoso porque hab\u00eda poca disponibilidad en el mercado e implicaba comprar componentes en el exterior&#8221;, record\u00f3 el vicedecano de la facultad, Daniel Richar, y uno de los docentes a cargo de la c\u00e1tedra donde surgi\u00f3 la idea.<\/p>\n<p>&#8220;A partir de all\u00ed surgi\u00f3 la posibilidad de firmar un convenio con la Universidad de Hurlingham, que est\u00e1n desarrollando y produciendo un medidor de CO2 con el mismo dise\u00f1o, utilizando software y hardware libre&#8221;, agreg\u00f3.<\/p>\n<p>Eso permiti\u00f3 &#8220;conseguir la provisi\u00f3n de los componentes a trav\u00e9s de un \u00fanico proveedor, garantizando los est\u00e1ndares de calidad&#8221;, sostuvo Richar en un comunicado. El proyecto &#8220;cobr\u00f3 mayor fuerza a partir del retorno progresivo de la presencialidad&#8221; al sistema educativo en Entre R\u00edos, se\u00f1al\u00f3 el docente.<\/p>\n<p>El dispositivo mide el di\u00f3xido de carbono, indicador de la ventilaci\u00f3n del aire en ambientes cerrados, en las aulas de las escuelas y en espacios poco ventilados o muy concurridos, y advierte cu\u00e1ndo se superan los niveles aceptables en interiores.<\/p>\n<p>De esta manera, se busca evitar el contagio de coronavirus por inhalaci\u00f3n de aerosoles acumulados.<\/p>\n<p>El proyecto surge de la c\u00e1tedra did\u00e1ctica de Educaci\u00f3n Tecnol\u00f3gica de los profesorados de Educaci\u00f3n Especial y de Educaci\u00f3n Primaria con Orientaci\u00f3n Rural, a cargo de Richar y de la profesora Mariana Casas.<\/p>\n<p>Bajo el nombre &#8220;Tecnolog\u00edas entra\u00f1ables para el cuidado y la inclusi\u00f3n en tiempos de pandemia&#8221;, fue presentado por estudiantes de esas dos carreras, y del profesorado de Educaci\u00f3n tecnol\u00f3gica.<\/p>\n<p>Tambi\u00e9n se integraron estudiantes de la carrera de Educaci\u00f3n Tecnol\u00f3gica de la Facultad de Ciencia y Tecnolog\u00eda de la Uader, y del \u00e1rea de ingenier\u00eda de la Direcci\u00f3n de Inform\u00e1tica de la Fhaycs.<\/p>\n<p>Por otra parte, Richar asegur\u00f3 que desde la c\u00e1tedra buscan &#8220;reflexionar acerca de la importancia de las tecnolog\u00edas abiertas, tambi\u00e9n llamadas tecnolog\u00edas entra\u00f1ables&#8221;.<\/p>\n<p>&#8220;Estas tienen una serie de caracter\u00edsticas que las hacen visibles al usuario y que no tienen derecho de propiedad&#8221;, concluy\u00f3.<\/p>\n","protected":false},"excerpt":{"rendered":"<p>Dentro de la convocatoria &#8220;Universitarios en Acci\u00f3n&#8221;, el grupo de alumnos autodenominados \u201cEternautas\u201d present\u00f3 el proyecto que tiene como objetivo entregar los aparatos a escuelas y centros de salud que no posean f\u00e1cil acceso a los mismos &nbsp; &nbsp; Un grupo de estudiantes de la Universidad Aut\u00f3noma de Entre R\u00edos (UADER) construyeron artefactos electr\u00f3nicos que miden la concentraci\u00f3n de di\u00f3xido de carbono (CO2) en el ambiente y adem\u00e1s presentaron un proyecto para entregarlos en escuelas y disminuir as\u00ed el riesgo de contagio de coronavirus. Los dispositivos ya comenzaron a utilizarse&#8230;<\/p>\n","protected":false},"author":3,"featured_media":76789,"comment_status":"closed","ping_status":"closed","sticky":false,"template":"","format":"standard","meta":[],"categories":[15],"tags":[],"_links":{"self":[{"href":"https:\/\/www.actualidadadiario.com\/index.php\/wp-json\/wp\/v2\/posts\/76788"}],"collection":[{"href":"https:\/\/www.actualidadadiario.com\/index.php\/wp-json\/wp\/v2\/posts"}],"about":[{"href":"https:\/\/www.actualidadadiario.com\/index.php\/wp-json\/wp\/v2\/types\/post"}],"author":[{"embeddable":true,"href":"https:\/\/www.actualidadadiario.com\/index.php\/wp-json\/wp\/v2\/users\/3"}],"replies":[{"embeddable":true,"href":"https:\/\/www.actualidadadiario.com\/index.php\/wp-json\/wp\/v2\/comments?post=76788"}],"version-history":[{"count":1,"href":"https:\/\/www.actualidadadiario.com\/index.php\/wp-json\/wp\/v2\/posts\/76788\/revisions"}],"predecessor-version":[{"id":76790,"href":"https:\/\/www.actualidadadiario.com\/index.php\/wp-json\/wp\/v2\/posts\/76788\/revisions\/76790"}],"wp:featuredmedia":[{"embeddable":true,"href":"https:\/\/www.actualidadadiario.com\/index.php\/wp-json\/wp\/v2\/media\/76789"}],"wp:attachment":[{"href":"https:\/\/www.actualidadadiario.com\/index.php\/wp-json\/wp\/v2\/media?parent=76788"}],"wp:term":[{"taxonomy":"category","embeddable":true,"href":"https:\/\/www.actualidadadiario.com\/index.php\/wp-json\/wp\/v2\/categories?post=76788"},{"taxonomy":"post_tag","embeddable":true,"href":"https:\/\/www.actualidadadiario.com\/index.php\/wp-json\/wp\/v2\/tags?post=76788"}],"curies":[{"name":"wp","href":"https:\/\/api.w.org\/{rel}","templated":true}]}}