{"id":76785,"date":"2021-08-23T11:53:49","date_gmt":"2021-08-23T14:53:49","guid":{"rendered":"https:\/\/www.actualidadadiario.com\/?p=76785"},"modified":"2021-08-23T11:53:49","modified_gmt":"2021-08-23T14:53:49","slug":"el-presidente-del-stj-fue-convocado-para-este-lunes-por-el-senado","status":"publish","type":"post","link":"https:\/\/www.actualidadadiario.com\/index.php\/2021\/08\/23\/el-presidente-del-stj-fue-convocado-para-este-lunes-por-el-senado\/","title":{"rendered":"El Presidente del STJ fue convocado para este lunes por el Senado"},"content":{"rendered":"<p style=\"text-align: center;\"><em><strong>Mart\u00edn Carbonell fue convocado para este lunes por la Comisi\u00f3n de Legislaci\u00f3n General, que preside la senadora Claudia Gieco (Diamante- Frente Justicialista). En el encuentro se abordar\u00e1 el proyecto del nuevo R\u00e9gimen de Protecci\u00f3n, Asistencia y Prevenci\u00f3n de la Violencia contra las Mujeres por razones de G\u00e9nero<\/strong><\/em><\/p>\n<p>&nbsp;<\/p>\n<p>&nbsp;<\/p>\n<p>Las comisiones de Legislaci\u00f3n General; Presupuesto y Hacienda; Producci\u00f3n; y Mercosur, Turismo y Deportes de la C\u00e1mara de Senadores retomar\u00e1n el trabajo legislativo. Lo har\u00e1n los d\u00edas lunes, martes y mi\u00e9rcoles.<\/p>\n<p>Este lunes 23 de agosto, a las 9, est\u00e1 previsto que se re\u00fana la Comisi\u00f3n de Legislaci\u00f3n General, que preside la senadora Claudia Gieco (Diamante- Frente Justicialista) para abordar el tratamiento del nuevo R\u00e9gimen de Protecci\u00f3n, Asistencia y Prevenci\u00f3n de la Violencia contra las Mujeres por razones de G\u00e9nero (Expediente N\u00b0 13.881). Para la oportunidad se invit\u00f3 al presidente del Superior Tribunal de Justicia (STJ) de Entre R\u00edos, Mart\u00edn Carbonell.<\/p>\n<p>En tanto, la Comisi\u00f3n de Presupuesto y Hacienda, que encabeza el senador Am\u00edlcar Genre Bert (La Paz- Frente Justicialista) se reunir\u00e1 el martes, a las 9, para abordar dos expedientes. Uno es el que se autoriza la capitalizaci\u00f3n de la Compa\u00f1\u00eda Entrerriana de Tierras S.E., por hasta la suma de pesos $26.000.000, a los fines de dar cumplimiento a los objetivos de su creaci\u00f3n establecidos en la Ley N\u00ba 10.243. (Expediente N\u00b0 14.073).<\/p>\n<p>El otro tema a tratar es el que se ampl\u00eda por hasta la suma de $ 1.087.790.000, como monto adicional al establecido por ley N\u00ba 9.998 y ampliado por Leyes N\u00bas. 10.280 y 10.318, para que el mismo disponga la capitalizaci\u00f3n de la Empresa Energ\u00eda de Entre R\u00edos S.A. (Expediente N\u00b0 14.072).<\/p>\n<p>Luego, a las 11, la Comisi\u00f3n de Producci\u00f3n que preside el senador Francisco Morchio (Gualeguay &#8211; Cambiemos) dar\u00e1 tratamiento al Expediente N\u00b0 24.535, por el que se crea el marco regulatorio para la generaci\u00f3n de energ\u00eda el\u00e9ctrica a partir de fuentes renovables de energ\u00eda. Para la reuni\u00f3n se invit\u00f3 al diputado y autor del proyecto, N\u00e9stor Loggio.<\/p>\n<p>En tanto, a las 11.30, se reunir\u00e1n las y los senadores de la Comisi\u00f3n de Legislaci\u00f3n General para continuar con el tratamiento del nuevo R\u00e9gimen de Protecci\u00f3n, Asistencia y Prevenci\u00f3n de la Violencia contra las Mujeres por razones de G\u00e9nero (Expediente N\u00b0 13.881).<\/p>\n<p>Seguidamente, abordar\u00e1n el Expediente N\u00b0 14.087, por el que se autoriza al Superior Gobierno de la Provincia a aceptar la donaci\u00f3n formulada por Juan Leonardo Ducret, de un inmueble que forma parte de otro de mayor superficie, del Departamento Col\u00f3n, Distrito Tercero, Centro Rural de Poblaci\u00f3n San Miguel, con destino a la construcci\u00f3n de la Junta de Gobierno de dicho centro rural.<\/p>\n<p>El mi\u00e9rcoles 25 de agosto, a las 11, se espera que se re\u00fanan las y los legisladores de la Comisi\u00f3n de Mercosur, Turismo y Deportes que encabeza el senador Armando Gay (Concordia- Frente Justicialista). En la oportunidad, trabajar\u00e1n con el Expediente N\u00b0 13.608, que tiene por objeto estimular, fomentar, promover el desarrollo pleno de la Industria Audiovisual en el territorio de la Provincia de Entre R\u00edos.<\/p>\n<p>A la reuni\u00f3n fueron invitadas la diputada nacional, Carolina Gaillard y la secretaria de Cultura de Entre R\u00edos; Francisca DAgostino. Tambi\u00e9n participar\u00e1n los productores Guillermo Berger, Nicol\u00e1s Herzog y Sergio Massa.<\/p>\n","protected":false},"excerpt":{"rendered":"<p>Mart\u00edn Carbonell fue convocado para este lunes por la Comisi\u00f3n de Legislaci\u00f3n General, que preside la senadora Claudia Gieco (Diamante- Frente Justicialista). En el encuentro se abordar\u00e1 el proyecto del nuevo R\u00e9gimen de Protecci\u00f3n, Asistencia y Prevenci\u00f3n de la Violencia contra las Mujeres por razones de G\u00e9nero &nbsp; &nbsp; Las comisiones de Legislaci\u00f3n General; Presupuesto y Hacienda; Producci\u00f3n; y Mercosur, Turismo y Deportes de la C\u00e1mara de Senadores retomar\u00e1n el trabajo legislativo. Lo har\u00e1n los d\u00edas lunes, martes y mi\u00e9rcoles. Este lunes 23 de agosto, a las 9, est\u00e1 previsto&#8230;<\/p>\n","protected":false},"author":3,"featured_media":76786,"comment_status":"closed","ping_status":"closed","sticky":false,"template":"","format":"standard","meta":[],"categories":[15],"tags":[],"_links":{"self":[{"href":"https:\/\/www.actualidadadiario.com\/index.php\/wp-json\/wp\/v2\/posts\/76785"}],"collection":[{"href":"https:\/\/www.actualidadadiario.com\/index.php\/wp-json\/wp\/v2\/posts"}],"about":[{"href":"https:\/\/www.actualidadadiario.com\/index.php\/wp-json\/wp\/v2\/types\/post"}],"author":[{"embeddable":true,"href":"https:\/\/www.actualidadadiario.com\/index.php\/wp-json\/wp\/v2\/users\/3"}],"replies":[{"embeddable":true,"href":"https:\/\/www.actualidadadiario.com\/index.php\/wp-json\/wp\/v2\/comments?post=76785"}],"version-history":[{"count":1,"href":"https:\/\/www.actualidadadiario.com\/index.php\/wp-json\/wp\/v2\/posts\/76785\/revisions"}],"predecessor-version":[{"id":76787,"href":"https:\/\/www.actualidadadiario.com\/index.php\/wp-json\/wp\/v2\/posts\/76785\/revisions\/76787"}],"wp:featuredmedia":[{"embeddable":true,"href":"https:\/\/www.actualidadadiario.com\/index.php\/wp-json\/wp\/v2\/media\/76786"}],"wp:attachment":[{"href":"https:\/\/www.actualidadadiario.com\/index.php\/wp-json\/wp\/v2\/media?parent=76785"}],"wp:term":[{"taxonomy":"category","embeddable":true,"href":"https:\/\/www.actualidadadiario.com\/index.php\/wp-json\/wp\/v2\/categories?post=76785"},{"taxonomy":"post_tag","embeddable":true,"href":"https:\/\/www.actualidadadiario.com\/index.php\/wp-json\/wp\/v2\/tags?post=76785"}],"curies":[{"name":"wp","href":"https:\/\/api.w.org\/{rel}","templated":true}]}}