{"id":76777,"date":"2021-08-20T14:29:26","date_gmt":"2021-08-20T17:29:26","guid":{"rendered":"https:\/\/www.actualidadadiario.com\/?p=76777"},"modified":"2021-08-20T14:29:26","modified_gmt":"2021-08-20T17:29:26","slug":"tension-en-colombia-vuelven-las-marchas-contra-el-gobierno-de-ivan-duque","status":"publish","type":"post","link":"https:\/\/www.actualidadadiario.com\/index.php\/2021\/08\/20\/tension-en-colombia-vuelven-las-marchas-contra-el-gobierno-de-ivan-duque\/","title":{"rendered":"Tensi\u00f3n en Colombia: vuelven las marchas contra el Gobierno de Iv\u00e1n Duque"},"content":{"rendered":"<p style=\"text-align: center;\"><em><strong>El Comit\u00e9 del Paro present\u00f3 diez proyectos para que se debatan en el Congreso colombiano<\/strong><\/em><\/p>\n<p>&nbsp;<\/p>\n<p>&nbsp;<\/p>\n<p>Despu\u00e9s de la \u00faltima marcha el pasado 20 de julio, el Comit\u00e9 del Paro de Colombia convoc\u00f3 a nuevas manifestaciones el pr\u00f3ximo 26 de agosto en todo el pa\u00eds, en contra de las medidas del Gobierno de Iv\u00e1n Duque. Tambi\u00e9n el grupo buscar\u00e1n impulsar los proyectos de ley que present\u00f3 en el Congreso.<\/p>\n<p>\u00abEl Comit\u00e9 Nacional de Paro convoca a la movilizaci\u00f3n pac\u00edfica este 26 de agosto en las principales capitales del pa\u00eds, para exigirle al Congreso que d\u00e9 tr\u00e1mite a los 10 proyectos de ley que radicamos el 27 de julio\u00bb, dijo Francisco Malt\u00e9s, miembro del Comit\u00e9 Nacional del Paro y presidente de la Central Unitaria de Trabajadores (CUT).<\/p>\n<p>Del 28 de abril al 15 de junio, Colombia vivi\u00f3 intensas jornadas de protesta, que dej\u00f3 decenas de muertos, heridos y hechos vand\u00e1licos en distintas partes del pa\u00eds, en especial, en Cali y Bogot\u00e1. Desde entonces, las protestas fueron espor\u00e1dicas, as\u00ed como capturas de los integrantes de las llamadas \u00abprimeras l\u00edneas\u00bb, o manifestantes que con escudos, cascos, piedras y caucheras se enfrentan con la polic\u00eda.<\/p>\n<p>\u00abNosotros no estamos de acuerdo con que los platos rotos los paguen ahora los trabajadores estatales congel\u00e1ndoles los salarios y las n\u00f3minas, as\u00ed como los presupuestos de las entidades\u00bb, asegur\u00f3 el fiscal de la Central Unitaria de Trabajadores, Fabio Arias en di\u00e1logo con Caracol Radio, inform\u00f3 la agencia Sputnik.<\/p>\n<p>Hay algunos l\u00edderes pol\u00edticos que est\u00e1n en contra de estas nuevas manifestaciones en el pa\u00eds, debido a los efectos econ\u00f3micos y epidemiol\u00f3gicos que las mismas han dejado. Por un lado, el senador del Centro Democr\u00e1tico, Santiago Valencia, se\u00f1al\u00f3 que otra jornada de paro ser\u00eda una \u00abirresponsabilidad grande y un acto de mezquindad\u00bb, teniendo en cuenta que, gracias a los esfuerzos en el Plan Nacional de Vacunaci\u00f3n, \u00abse han reducido las cifras del coronavirus en Colombia\u00bb.<\/p>\n<p>De igual forma, el precandidato presidencial, Juan Carlos Echeverry, escribi\u00f3 en su cuenta de Twitter: \u00abOtro paro es acelerar un nuevo pico de pandemia, enfermedad y muerte; que el desempleo se profundice y que m\u00e1s familias coman solo una o dos veces al d\u00eda. Turistas asustados de venir a Colombia, hoteles, y regiones sufriendo. En lugar de parar necesitamos es TRABAJAR\u00bb.<\/p>\n","protected":false},"excerpt":{"rendered":"<p>El Comit\u00e9 del Paro present\u00f3 diez proyectos para que se debatan en el Congreso colombiano &nbsp; &nbsp; Despu\u00e9s de la \u00faltima marcha el pasado 20 de julio, el Comit\u00e9 del Paro de Colombia convoc\u00f3 a nuevas manifestaciones el pr\u00f3ximo 26 de agosto en todo el pa\u00eds, en contra de las medidas del Gobierno de Iv\u00e1n Duque. Tambi\u00e9n el grupo buscar\u00e1n impulsar los proyectos de ley que present\u00f3 en el Congreso. \u00abEl Comit\u00e9 Nacional de Paro convoca a la movilizaci\u00f3n pac\u00edfica este 26 de agosto en las principales capitales del pa\u00eds,&#8230;<\/p>\n","protected":false},"author":3,"featured_media":76778,"comment_status":"closed","ping_status":"closed","sticky":false,"template":"","format":"standard","meta":[],"categories":[4],"tags":[],"_links":{"self":[{"href":"https:\/\/www.actualidadadiario.com\/index.php\/wp-json\/wp\/v2\/posts\/76777"}],"collection":[{"href":"https:\/\/www.actualidadadiario.com\/index.php\/wp-json\/wp\/v2\/posts"}],"about":[{"href":"https:\/\/www.actualidadadiario.com\/index.php\/wp-json\/wp\/v2\/types\/post"}],"author":[{"embeddable":true,"href":"https:\/\/www.actualidadadiario.com\/index.php\/wp-json\/wp\/v2\/users\/3"}],"replies":[{"embeddable":true,"href":"https:\/\/www.actualidadadiario.com\/index.php\/wp-json\/wp\/v2\/comments?post=76777"}],"version-history":[{"count":1,"href":"https:\/\/www.actualidadadiario.com\/index.php\/wp-json\/wp\/v2\/posts\/76777\/revisions"}],"predecessor-version":[{"id":76779,"href":"https:\/\/www.actualidadadiario.com\/index.php\/wp-json\/wp\/v2\/posts\/76777\/revisions\/76779"}],"wp:featuredmedia":[{"embeddable":true,"href":"https:\/\/www.actualidadadiario.com\/index.php\/wp-json\/wp\/v2\/media\/76778"}],"wp:attachment":[{"href":"https:\/\/www.actualidadadiario.com\/index.php\/wp-json\/wp\/v2\/media?parent=76777"}],"wp:term":[{"taxonomy":"category","embeddable":true,"href":"https:\/\/www.actualidadadiario.com\/index.php\/wp-json\/wp\/v2\/categories?post=76777"},{"taxonomy":"post_tag","embeddable":true,"href":"https:\/\/www.actualidadadiario.com\/index.php\/wp-json\/wp\/v2\/tags?post=76777"}],"curies":[{"name":"wp","href":"https:\/\/api.w.org\/{rel}","templated":true}]}}